{"id":12972,"date":"2022-10-19T16:47:47","date_gmt":"2022-10-19T19:47:47","guid":{"rendered":"http:\/\/dgospel.com.br\/portal\/?p=12972"},"modified":"2022-10-19T16:47:48","modified_gmt":"2022-10-19T19:47:48","slug":"esquerdistas-protestam-em-frente-a-igreja-e-perturbam-culto-em-joinville","status":"publish","type":"post","link":"https:\/\/dgospel.com.br\/portal\/index.php\/2022\/10\/19\/esquerdistas-protestam-em-frente-a-igreja-e-perturbam-culto-em-joinville\/","title":{"rendered":"Esquerdistas protestam em frente \u00e0 igreja e perturbam culto em Joinville"},"content":{"rendered":"\n<p>Manifestantes de&nbsp;<a href=\"https:\/\/guiame.com.br\/busca?termo=esquerda\"><strong>esquerda<\/strong><\/a>&nbsp;invadiram o complexo de uma igreja em Santa Catarina e protestaram em frente ao templo enquanto um culto estava em andamento, na noite de ter\u00e7a-feira (18).<\/p>\n\n\n\n<p>A Igreja da Paz, uma comunidade luterana no centro de Joinville, realizava um culto de ora\u00e7\u00e3o, que teve in\u00edcio \u00e0s 18h45, quando um grupo de manifestantes invadiu o p\u00e1tio aos gritos e apitos, carregando bandeiras de movimentos, sindicatos e partidos pol\u00edticos.<\/p>\n\n\n\n<p>O protesto aconteceu em meio a mobiliza\u00e7\u00e3o de estudantes para o dia 18 de outubro em todo o Brasil, em um ato pela \u201cdefesa da educa\u00e7\u00e3o e da democracia, contra os cortes na educa\u00e7\u00e3o e pelo fim do governo Bolsonaro\u201d, segundo o&nbsp;<a href=\"https:\/\/guiame.com.br\/busca?termo=PT\"><strong>PT<\/strong><\/a>&nbsp;Joinville.<\/p>\n\n\n\n<p>Entre as organiza\u00e7\u00f5es envolvidas no protesto em Joinville, est\u00e3o o PT (Partido dos Trabalhadores), PSOL (Partido Socialismo e Liberdade), PCB (Partido Comunista Brasileiro), al\u00e9m de movimentos de jovens comunistas, LGBTs e feministas, informou o PT Joinville no Instagram.<\/p>\n\n\n\n<figure class=\"wp-block-embed is-type-video is-provider-youtube wp-block-embed-youtube wp-embed-aspect-16-9 wp-has-aspect-ratio\"><div class=\"wp-block-embed__wrapper\">\n<iframe loading=\"lazy\" title=\"Esquerdistas protestam em frente \u00e0 igreja e perturbam culto em Joinville\" width=\"630\" height=\"354\" src=\"https:\/\/www.youtube.com\/embed\/U_zDa-M-X2U?feature=oembed\" frameborder=\"0\" allow=\"accelerometer; autoplay; clipboard-write; encrypted-media; gyroscope; picture-in-picture\" allowfullscreen><\/iframe>\n<\/div><\/figure>\n\n\n\n<p>Pouco antes de protestar em frente \u00e0 igreja, cantando o slogan \u201cocupar e resistir\u201d, os manifestantes invadiram a Faculdade IELUSC, localizada no mesmo complexo do templo. A faculdade \u00e9 vinculada \u00e0 Rede Sinodal de Educa\u00e7\u00e3o da Igreja Evang\u00e9lica de Confiss\u00e3o Luterana (IECLB).<\/p>\n\n\n\n<p>A p\u00e1gina da Igreja da Paz no Instagram compartilhou stories de fi\u00e9is repudiando o ato. \u201cMeu rep\u00fadio \u00e0 manifesta\u00e7\u00e3o ocorrida na noite de hoje na institui\u00e7\u00e3o Bonja\/IELUSC que acabou interferindo tamb\u00e9m no Culto de Ora\u00e7\u00e3o da Par\u00f3quia da Paz\u201d, disse um deles.<\/p>\n\n\n\n<p>\u201cNossa solidariedade \u00e0 nossa querida igreja pela inconveniente e desrespeitosa manifesta\u00e7\u00e3o durante o culto de hoje\u201d, disse outra fiel.<\/p>\n\n\n\n<p>&nbsp;<img src=\"https:\/\/thumbor.guiame.com.br\/unsafe\/smart\/https:\/\/media.guiame.com.br\/archives\/2022\/10\/19\/2018745827-.jpg\" alt=\"\" width=\"600\"><br><sup>Relatos de fi\u00e9is sobre o protesto. (Foto: Reprodu\u00e7\u00e3o\/Redes Sociais)<\/sup><\/p>\n\n\n\n<p>O vereador de Joinville, Wilian Tonezi, tamb\u00e9m repudiou o ato em um v\u00eddeo no Instagram e criticou estudantes que fazem \u201cmilit\u00e2ncia comunista\u201d nas universidades.&nbsp;<\/p>\n\n\n\n<p>\u201cEstudantes invadiram uma igreja luterana que fica dentro da [\u00e1rea da] faculdade\u201d, disse Tonezi. \u201cEsse \u00e9 um movimento orquestrado dos partidos de esquerda. Antes que algu\u00e9m diga que o PT n\u00e3o est\u00e1 no meio, esse cara aqui [apontou para o v\u00eddeo] faz parte do diret\u00f3rio do PT da cidade de Joinville.\u201d\u00a0<\/p>\n\n\n\n<p><strong>Afastamento de professora motivou protesto<\/strong><\/p>\n\n\n\n<p>Dentro das depend\u00eancias do col\u00e9gio, os manifestantes cantavam: \u201c\u00d4 IELUSC, preste aten\u00e7\u00e3o, os estudantes n\u00e3o aceitam opress\u00e3o\u201d.<\/p>\n\n\n\n<p>Isso porque um dos motivos do protesto foi o afastamento de uma professora da Faculdade IELUSC, por conta de seu posicionamento pol\u00edtico, ferindo o C\u00f3digo de \u00c9tica e Conduta da institui\u00e7\u00e3o.<\/p>\n\n\n\n<p>A antrop\u00f3loga Maria Elisa M\u00e1ximo, professora titular da IELUSC, foi afastada ap\u00f3s uma publica\u00e7\u00e3o no Twitter: \u201cJoinville sendo o esgoto do bolsonarismo, pra onde escoou os res\u00edduos finais da campanha do imbrox\u00e1vel inomin\u00e1vel. N\u00e3o tem quem escape: h\u00e1 gente brega, feia e fascista pra todos os lados.\u201d<\/p>\n\n\n\n<p><img src=\"https:\/\/thumbor.guiame.com.br\/unsafe\/smart\/https:\/\/media.guiame.com.br\/archives\/2022\/10\/19\/142192279-.png\" alt=\"\" width=\"600\"><br><sup>Complexo da Igreja da Paz e Faculdade IELUSC. (Foto: Google Maps)<\/sup><\/p>\n\n\n\n<p>Em nota publicada em seu site, a Faculdade IELUSC esclarece que seu \u201cposicionamento institucional \u00e9 de neutralidade pol\u00edtica, por ser apartid\u00e1ria\u201d.<\/p>\n\n\n\n<p>A dire\u00e7\u00e3o da institui\u00e7\u00e3o informou ainda que havia orientado o corpo docente e funcion\u00e1rios a evitar \u201cposicionamentos pessoais [que] possam ser vinculados como sendo de nossa institui\u00e7\u00e3o educacional, sobretudo na sala de aula ou em m\u00eddias e grupos acessados por estudantes e\/ou pais; e evitar deixar-se influenciar pelas emo\u00e7\u00f5es ingressando em debates improdutivos, em especial quando voc\u00ea ou seu interlocutor utilizam achismos e generaliza\u00e7\u00f5es como argumentos\u201d.<\/p>\n","protected":false},"excerpt":{"rendered":"<p>Manifestantes de&nbsp;esquerda&nbsp;invadiram o complexo de uma igreja em Santa Catarina e protestaram em frente ao templo enquanto um culto estava em andamento, na noite de ter\u00e7a-feira (18). A Igreja da Paz, uma comunidade luterana no centro de Joinville, realizava um culto de ora\u00e7\u00e3o, que teve in\u00edcio \u00e0s 18h45, quando um grupo de manifestantes invadiu o [&hellip;]<\/p>\n","protected":false},"author":2,"featured_media":12973,"comment_status":"open","ping_status":"open","sticky":false,"template":"","format":"standard","meta":[],"categories":[5],"tags":[],"_links":{"self":[{"href":"https:\/\/dgospel.com.br\/portal\/index.php\/wp-json\/wp\/v2\/posts\/12972"}],"collection":[{"href":"https:\/\/dgospel.com.br\/portal\/index.php\/wp-json\/wp\/v2\/posts"}],"about":[{"href":"https:\/\/dgospel.com.br\/portal\/index.php\/wp-json\/wp\/v2\/types\/post"}],"author":[{"embeddable":true,"href":"https:\/\/dgospel.com.br\/portal\/index.php\/wp-json\/wp\/v2\/users\/2"}],"replies":[{"embeddable":true,"href":"https:\/\/dgospel.com.br\/portal\/index.php\/wp-json\/wp\/v2\/comments?post=12972"}],"version-history":[{"count":1,"href":"https:\/\/dgospel.com.br\/portal\/index.php\/wp-json\/wp\/v2\/posts\/12972\/revisions"}],"predecessor-version":[{"id":12974,"href":"https:\/\/dgospel.com.br\/portal\/index.php\/wp-json\/wp\/v2\/posts\/12972\/revisions\/12974"}],"wp:featuredmedia":[{"embeddable":true,"href":"https:\/\/dgospel.com.br\/portal\/index.php\/wp-json\/wp\/v2\/media\/12973"}],"wp:attachment":[{"href":"https:\/\/dgospel.com.br\/portal\/index.php\/wp-json\/wp\/v2\/media?parent=12972"}],"wp:term":[{"taxonomy":"category","embeddable":true,"href":"https:\/\/dgospel.com.br\/portal\/index.php\/wp-json\/wp\/v2\/categories?post=12972"},{"taxonomy":"post_tag","embeddable":true,"href":"https:\/\/dgospel.com.br\/portal\/index.php\/wp-json\/wp\/v2\/tags?post=12972"}],"curies":[{"name":"wp","href":"https:\/\/api.w.org\/{rel}","templated":true}]}}