{"id":12984,"date":"2022-10-19T22:08:45","date_gmt":"2022-10-20T01:08:45","guid":{"rendered":"http:\/\/dgospel.com.br\/portal\/?p=12984"},"modified":"2022-10-19T22:08:46","modified_gmt":"2022-10-20T01:08:46","slug":"internautas-reagem-a-retratacao-de-andre-valadao-ditadura","status":"publish","type":"post","link":"https:\/\/dgospel.com.br\/portal\/index.php\/2022\/10\/19\/internautas-reagem-a-retratacao-de-andre-valadao-ditadura\/","title":{"rendered":"Internautas reagem a retrata\u00e7\u00e3o de Andr\u00e9 Valad\u00e3o: \u201cDitadura\u201d"},"content":{"rendered":"\n<p>A publica\u00e7\u00e3o do pastor Andr\u00e9 Valad\u00e3o com a retra\u00e7\u00e3o exigida pelo ministro Alexandre de Moraes, presidente do Tribunal Superior Eleitoral (TSE), causou indigna\u00e7\u00e3o nos internautas.<\/p>\n\n\n\n<p>O pastor da Lagoinha Orlando Church foi obrigado a dizer que o candidato \u00e0 Presid\u00eancia Luiz In\u00e1cio Lula da Silva (PT) n\u00e3o \u00e9 a favor de propostas j\u00e1 defendidas por ele como a descriminaliza\u00e7\u00e3o do aborto, legaliza\u00e7\u00e3o das drogas e descriminaliza\u00e7\u00e3o de pequenos furtos.<\/p>\n\n\n\n<p>Nos coment\u00e1rios, muitos famosos deixaram mensagens de apoio ao pastor e contra a decis\u00e3o de Moraes.<\/p>\n\n\n\n<figure class=\"wp-block-image\"><img src=\"https:\/\/static.cdn.pleno.news\/2022\/10\/WhatsApp-Image-2022-10-19-at-19.37.50-768x166.jpeg\" alt=\"Coment\u00e1rios da retrata\u00e7\u00e3o de Andr\u00e9 Valad\u00e3o\" title=\"Coment\u00e1rios da retrata\u00e7\u00e3o de Andr\u00e9 Valad\u00e3o\"\/><figcaption>Coment\u00e1rios da retrata\u00e7\u00e3o de Andr\u00e9 Valad\u00e3o&nbsp;\/ Foto: Reprodu\u00e7\u00e3o<\/figcaption><\/figure>\n\n\n\n<figure class=\"wp-block-image\"><img src=\"https:\/\/static.cdn.pleno.news\/2022\/10\/WhatsApp-Image-2022-10-19-at-19.37.28-768x215.jpeg\" alt=\"Coment\u00e1rios da retrata\u00e7\u00e3o de Andr\u00e9 Valad\u00e3o\" title=\"Coment\u00e1rios da retrata\u00e7\u00e3o de Andr\u00e9 Valad\u00e3o\"\/><figcaption>Coment\u00e1rios da retrata\u00e7\u00e3o de Andr\u00e9 Valad\u00e3o&nbsp;\/ Foto: Reprodu\u00e7\u00e3o<\/figcaption><\/figure>\n\n\n\n<figure class=\"wp-block-image\"><img src=\"https:\/\/static.cdn.pleno.news\/2022\/10\/WhatsApp-Image-2022-10-19-at-19.37.07-768x214.jpeg\" alt=\"Coment\u00e1rios da retrata\u00e7\u00e3o de Andr\u00e9 Valad\u00e3o\" title=\"Coment\u00e1rios da retrata\u00e7\u00e3o de Andr\u00e9 Valad\u00e3o\"\/><figcaption>Coment\u00e1rios da retrata\u00e7\u00e3o de Andr\u00e9 Valad\u00e3o&nbsp;\/ Foto: Reprodu\u00e7\u00e3o<\/figcaption><\/figure>\n\n\n\n<figure class=\"wp-block-image\"><img src=\"https:\/\/static.cdn.pleno.news\/2022\/10\/WhatsApp-Image-2022-10-19-at-19.36.49-768x218.jpeg\" alt=\"Coment\u00e1rios da retrata\u00e7\u00e3o de Andr\u00e9 Valad\u00e3o\" title=\"Coment\u00e1rios da retrata\u00e7\u00e3o de Andr\u00e9 Valad\u00e3o\"\/><figcaption>Coment\u00e1rios da retrata\u00e7\u00e3o de Andr\u00e9 Valad\u00e3o&nbsp;\/ Foto: Reprodu\u00e7\u00e3o<\/figcaption><\/figure>\n\n\n\n<figure class=\"wp-block-image\"><img src=\"https:\/\/static.cdn.pleno.news\/2022\/10\/WhatsApp-Image-2022-10-19-at-19.36.22-768x194.jpeg\" alt=\"Coment\u00e1rios da retrata\u00e7\u00e3o de Andr\u00e9 Valad\u00e3o\" title=\"Coment\u00e1rios da retrata\u00e7\u00e3o de Andr\u00e9 Valad\u00e3o\"\/><figcaption>Coment\u00e1rios da retrata\u00e7\u00e3o de Andr\u00e9 Valad\u00e3o&nbsp;\/ Foto: Reprodu\u00e7\u00e3o<\/figcaption><\/figure>\n\n\n\n<figure class=\"wp-block-image\"><img src=\"https:\/\/static.cdn.pleno.news\/2022\/10\/WhatsApp-Image-2022-10-19-at-19.36.03-768x419.jpeg\" alt=\"Coment\u00e1rios da retrata\u00e7\u00e3o de Andr\u00e9 Valad\u00e3o\" title=\"Coment\u00e1rios da retrata\u00e7\u00e3o de Andr\u00e9 Valad\u00e3o\"\/><figcaption>Coment\u00e1rios da retrata\u00e7\u00e3o de Andr\u00e9 Valad\u00e3o&nbsp;\/ Foto: Reprodu\u00e7\u00e3o<\/figcaption><\/figure>\n\n\n\n<figure class=\"wp-block-image\"><img src=\"https:\/\/static.cdn.pleno.news\/2022\/10\/WhatsApp-Image-2022-10-19-at-19.35.45-768x274.jpeg\" alt=\"Coment\u00e1rios da retrata\u00e7\u00e3o de Andr\u00e9 Valad\u00e3o\" title=\"Coment\u00e1rios da retrata\u00e7\u00e3o de Andr\u00e9 Valad\u00e3o\"\/><figcaption>Coment\u00e1rios da retrata\u00e7\u00e3o de Andr\u00e9 Valad\u00e3o&nbsp;\/ Foto: Reprodu\u00e7\u00e3o<\/figcaption><\/figure>\n\n\n\n<figure class=\"wp-block-image\"><img src=\"https:\/\/static.cdn.pleno.news\/2022\/10\/WhatsApp-Image-2022-10-19-at-19.35.30-768x299.jpeg\" alt=\"Coment\u00e1rios da retrata\u00e7\u00e3o de Andr\u00e9 Valad\u00e3o\" title=\"Coment\u00e1rios da retrata\u00e7\u00e3o de Andr\u00e9 Valad\u00e3o\"\/><figcaption>Coment\u00e1rios da retrata\u00e7\u00e3o de Andr\u00e9 Valad\u00e3o&nbsp;\/ Foto: Reprodu\u00e7\u00e3o<\/figcaption><\/figure>\n\n\n\n<figure class=\"wp-block-image\"><img src=\"https:\/\/static.cdn.pleno.news\/2022\/10\/WhatsApp-Image-2022-10-19-at-19.35.13-768x109.jpeg\" alt=\"Coment\u00e1rios da retrata\u00e7\u00e3o de Andr\u00e9 Valad\u00e3o\" title=\"Coment\u00e1rios da retrata\u00e7\u00e3o de Andr\u00e9 Valad\u00e3o\"\/><figcaption>Coment\u00e1rios da retrata\u00e7\u00e3o de Andr\u00e9 Valad\u00e3o&nbsp;\/ Foto: Reprodu\u00e7\u00e3o<\/figcaption><\/figure>\n\n\n\n<figure class=\"wp-block-image\"><img src=\"https:\/\/static.cdn.pleno.news\/2022\/10\/WhatsApp-Image-2022-10-19-at-19.34.55-768x168.jpeg\" alt=\"Coment\u00e1rios da retrata\u00e7\u00e3o de Andr\u00e9 Valad\u00e3o\" title=\"Coment\u00e1rios da retrata\u00e7\u00e3o de Andr\u00e9 Valad\u00e3o\"\/><figcaption>Coment\u00e1rios da retrata\u00e7\u00e3o de Andr\u00e9 Valad\u00e3o&nbsp;\/ Foto: Reprodu\u00e7\u00e3o<\/figcaption><\/figure>\n\n\n\n<figure class=\"wp-block-image\"><img src=\"https:\/\/static.cdn.pleno.news\/2022\/10\/WhatsApp-Image-2022-10-19-at-19.34.40-768x150.jpeg\" alt=\"Coment\u00e1rios da retrata\u00e7\u00e3o de Andr\u00e9 Valad\u00e3o\" title=\"Coment\u00e1rios da retrata\u00e7\u00e3o de Andr\u00e9 Valad\u00e3o\"\/><figcaption>Coment\u00e1rios da retrata\u00e7\u00e3o de Andr\u00e9 Valad\u00e3o&nbsp;\/ Foto: Reprodu\u00e7\u00e3o<\/figcaption><\/figure>\n\n\n\n<figure class=\"wp-block-image\"><img src=\"https:\/\/static.cdn.pleno.news\/2022\/10\/WhatsApp-Image-2022-10-19-at-19.34.28-768x224.jpeg\" alt=\"Coment\u00e1rios da retrata\u00e7\u00e3o de Andr\u00e9 Valad\u00e3o\" title=\"Coment\u00e1rios da retrata\u00e7\u00e3o de Andr\u00e9 Valad\u00e3o\"\/><figcaption>Coment\u00e1rios da retrata\u00e7\u00e3o de Andr\u00e9 Valad\u00e3o&nbsp;\/ Foto: Reprodu\u00e7\u00e3o<\/figcaption><\/figure>\n\n\n\n<figure class=\"wp-block-image\"><img src=\"https:\/\/static.cdn.pleno.news\/2022\/10\/WhatsApp-Image-2022-10-19-at-19.34.14-768x241.jpeg\" alt=\"Coment\u00e1rios da retrata\u00e7\u00e3o de Andr\u00e9 Valad\u00e3o\" title=\"Coment\u00e1rios da retrata\u00e7\u00e3o de Andr\u00e9 Valad\u00e3o\"\/><figcaption>Coment\u00e1rios da retrata\u00e7\u00e3o de Andr\u00e9 Valad\u00e3o&nbsp;\/ Foto: Reprodu\u00e7\u00e3o<\/figcaption><\/figure>\n\n\n\n<figure class=\"wp-block-image\"><img src=\"https:\/\/static.cdn.pleno.news\/2022\/10\/WhatsApp-Image-2022-10-19-at-19.33.59-768x214.jpeg\" alt=\"Coment\u00e1rios da retrata\u00e7\u00e3o de Andr\u00e9 Valad\u00e3o\" title=\"Coment\u00e1rios da retrata\u00e7\u00e3o de Andr\u00e9 Valad\u00e3o\"\/><figcaption>Coment\u00e1rios da retrata\u00e7\u00e3o de Andr\u00e9 Valad\u00e3o&nbsp;\/ Foto: Reprodu\u00e7\u00e3o<\/figcaption><\/figure>\n\n\n\n<figure class=\"wp-block-image\"><img src=\"https:\/\/static.cdn.pleno.news\/2022\/10\/WhatsApp-Image-2022-10-19-at-19.33.45-768x277.jpeg\" alt=\"Coment\u00e1rios da retrata\u00e7\u00e3o de Andr\u00e9 Valad\u00e3o\" title=\"Coment\u00e1rios da retrata\u00e7\u00e3o de Andr\u00e9 Valad\u00e3o\"\/><figcaption>Coment\u00e1rios da retrata\u00e7\u00e3o de Andr\u00e9 Valad\u00e3o&nbsp;\/ Foto: Reprodu\u00e7\u00e3o<\/figcaption><\/figure>\n\n\n\n<figure class=\"wp-block-image\"><img src=\"https:\/\/static.cdn.pleno.news\/2022\/10\/WhatsApp-Image-2022-10-19-at-19.33.28-768x182.jpeg\" alt=\"Coment\u00e1rios da retrata\u00e7\u00e3o de Andr\u00e9 Valad\u00e3o\" title=\"Coment\u00e1rios da retrata\u00e7\u00e3o de Andr\u00e9 Valad\u00e3o\"\/><figcaption>Coment\u00e1rios da retrata\u00e7\u00e3o de Andr\u00e9 Valad\u00e3o&nbsp;\/ Foto: Reprodu\u00e7\u00e3o<\/figcaption><\/figure>\n\n\n\n<figure class=\"wp-block-image\"><img src=\"https:\/\/static.cdn.pleno.news\/2022\/10\/WhatsApp-Image-2022-10-19-at-19.33.11-768x250.jpeg\" alt=\"Coment\u00e1rios da retrata\u00e7\u00e3o de Andr\u00e9 Valad\u00e3o\" title=\"Coment\u00e1rios da retrata\u00e7\u00e3o de Andr\u00e9 Valad\u00e3o\"\/><figcaption>Coment\u00e1rios da retrata\u00e7\u00e3o de Andr\u00e9 Valad\u00e3o&nbsp;\/ Foto: Reprodu\u00e7\u00e3o<\/figcaption><\/figure>\n\n\n\n<figure class=\"wp-block-image\"><img src=\"https:\/\/static.cdn.pleno.news\/2022\/10\/WhatsApp-Image-2022-10-19-at-19.32.57-768x238.jpeg\" alt=\"Coment\u00e1rios da retrata\u00e7\u00e3o de Andr\u00e9 Valad\u00e3o\" title=\"Coment\u00e1rios da retrata\u00e7\u00e3o de Andr\u00e9 Valad\u00e3o\"\/><figcaption>Coment\u00e1rios da retrata\u00e7\u00e3o de Andr\u00e9 Valad\u00e3o&nbsp;\/ Foto: Reprodu\u00e7\u00e3o<\/figcaption><\/figure>\n\n\n\n<ul><li>1&nbsp;de 18<\/li><\/ul>\n\n\n\n<p>Entre eles o deputado federal Eduardo Bolsonaro (PL-SP), filho de Jair Bolsonaro.<\/p>\n\n\n\n<p>\u2013 Os humilhados ser\u00e3o exaltados. A cada censura, um tiro no p\u00e9. Todos sabem que n\u00e3o foi o senhor que escreveu este absurdo e todos sabem que \u00e9 o ladr\u00e3o. Estamos cal\u00e7ados com sapatos que nos permitem pisar em escorpi\u00f5es e cobras, nada pe\u00e7onhento nos atingir\u00e1. Am\u00e9m \u2013 escreveu.<\/p>\n\n\n\n<p>O pastor Diego Ara\u00fajo deixou um coment\u00e1rio que teve centenas de curtidas dizendo:<\/p>\n\n\n\n<p>\u2013 A ditadura come\u00e7ou!!! Deus nos guarde!!!.<\/p>\n\n\n\n<p>A cantora Lu Alone tamb\u00e9m entendeu que a retrata\u00e7\u00e3o foi uma censura.<\/p>\n\n\n\n<p>\u2013 A ditadura come\u00e7ou! Que absurdo!!! Obrigada por se posicionar pelo Brasil, pela igreja, pelos valores que cremos! Triste voc\u00ea ser obrigado a ler algo que n\u00e3o cr\u00ea \u2013 disse ela.<\/p>\n","protected":false},"excerpt":{"rendered":"<p>A publica\u00e7\u00e3o do pastor Andr\u00e9 Valad\u00e3o com a retra\u00e7\u00e3o exigida pelo ministro Alexandre de Moraes, presidente do Tribunal Superior Eleitoral (TSE), causou indigna\u00e7\u00e3o nos internautas. O pastor da Lagoinha Orlando Church foi obrigado a dizer que o candidato \u00e0 Presid\u00eancia Luiz In\u00e1cio Lula da Silva (PT) n\u00e3o \u00e9 a favor de propostas j\u00e1 defendidas por [&hellip;]<\/p>\n","protected":false},"author":2,"featured_media":12985,"comment_status":"open","ping_status":"open","sticky":false,"template":"","format":"standard","meta":[],"categories":[5],"tags":[],"_links":{"self":[{"href":"https:\/\/dgospel.com.br\/portal\/index.php\/wp-json\/wp\/v2\/posts\/12984"}],"collection":[{"href":"https:\/\/dgospel.com.br\/portal\/index.php\/wp-json\/wp\/v2\/posts"}],"about":[{"href":"https:\/\/dgospel.com.br\/portal\/index.php\/wp-json\/wp\/v2\/types\/post"}],"author":[{"embeddable":true,"href":"https:\/\/dgospel.com.br\/portal\/index.php\/wp-json\/wp\/v2\/users\/2"}],"replies":[{"embeddable":true,"href":"https:\/\/dgospel.com.br\/portal\/index.php\/wp-json\/wp\/v2\/comments?post=12984"}],"version-history":[{"count":1,"href":"https:\/\/dgospel.com.br\/portal\/index.php\/wp-json\/wp\/v2\/posts\/12984\/revisions"}],"predecessor-version":[{"id":12986,"href":"https:\/\/dgospel.com.br\/portal\/index.php\/wp-json\/wp\/v2\/posts\/12984\/revisions\/12986"}],"wp:featuredmedia":[{"embeddable":true,"href":"https:\/\/dgospel.com.br\/portal\/index.php\/wp-json\/wp\/v2\/media\/12985"}],"wp:attachment":[{"href":"https:\/\/dgospel.com.br\/portal\/index.php\/wp-json\/wp\/v2\/media?parent=12984"}],"wp:term":[{"taxonomy":"category","embeddable":true,"href":"https:\/\/dgospel.com.br\/portal\/index.php\/wp-json\/wp\/v2\/categories?post=12984"},{"taxonomy":"post_tag","embeddable":true,"href":"https:\/\/dgospel.com.br\/portal\/index.php\/wp-json\/wp\/v2\/tags?post=12984"}],"curies":[{"name":"wp","href":"https:\/\/api.w.org\/{rel}","templated":true}]}}