{"id":12987,"date":"2022-10-19T23:20:31","date_gmt":"2022-10-20T02:20:31","guid":{"rendered":"http:\/\/dgospel.com.br\/portal\/?p=12987"},"modified":"2022-10-19T23:20:32","modified_gmt":"2022-10-20T02:20:32","slug":"defesa-afirma-ao-tse-que-elaborara-relatorio-de-fiscalizacao-depois-do-segundo-turno","status":"publish","type":"post","link":"https:\/\/dgospel.com.br\/portal\/index.php\/2022\/10\/19\/defesa-afirma-ao-tse-que-elaborara-relatorio-de-fiscalizacao-depois-do-segundo-turno\/","title":{"rendered":"Defesa afirma ao TSE que elaborar\u00e1 relat\u00f3rio de fiscaliza\u00e7\u00e3o depois do segundo turno"},"content":{"rendered":"\n<p>O Minist\u00e9rio da Defesa afirmou ao&nbsp;<a href=\"https:\/\/noticias.r7.com\/eleicoes-2022\/tse-proibe-propaganda-em-que-marco-aurelio-mello-diz-que-stf-nao-inocentou-lula-19102022\">TSE (Tribunal Superior Eleitoral)<\/a>&nbsp;nesta quarta-feira (19) que vai elaborar um relat\u00f3rio de fiscaliza\u00e7\u00e3o sobre as elei\u00e7\u00f5es de 2022 depois do segundo turno, marcado para o dia 30.<\/p>\n\n\n\n<p>No of\u00edcio enviado ao ministro Alexandre de Moraes, presidente do TSE, o&nbsp;<a href=\"http:\/\/xn--aps%20levantar%20suspeita%20sobre%20urnas%2C%20ministro%20da%20defesa%20diz%20que%20respeita%20a%20democracia-rlk\/\">ministro da Defesa, o general Paulo S\u00e9rgio Nogueira<\/a>, detalha que o relat\u00f3rio vai contemplar &#8220;toda a extens\u00e3o da atua\u00e7\u00e3o das For\u00e7as Armadas como entidades fiscalizadoras [<em>veja mais abaixo<\/em>], com os documentos atinentes \u00e0s atividades em comento&#8221;.<\/p>\n\n\n\n<p>&#8220;Tal relat\u00f3rio ser\u00e1 encaminhado ao TSE em at\u00e9 30 dias ap\u00f3s o encerramento da etapa 8 do Plano de Trabalho&#8221;,\u00a0acrescenta. O ministro garante que, at\u00e9 ent\u00e3o, &#8220;devido \u00e0 atual inexist\u00eancia de relat\u00f3rio&#8221;, nemhum candidato recebeu o &#8220;suposto documento&#8221; sobre as elei\u00e7\u00f5es deste ano.<\/p>\n\n\n\n<h3>De acordo com as regras<\/h3>\n\n\n\n<p>No of\u00edcio, o Minist\u00e9rio da Defesa destaca tamb\u00e9m que est\u00e1 seguindo as regras definidas pelo TSE.\u00a0&#8220;As For\u00e7as Armadas, na condi\u00e7\u00e3o de entidade fiscalizadora legitimada a partir do processo, vem executando as atidades de fiscaliza\u00e7\u00e3o do sistema eletr\u00f4nico de vota\u00e7\u00e3o de acordo com os momentos e mecanismos previstos da Resolu\u00e7\u00e3o TSE n\u00b0 23.673\/2021.&#8221;<\/p>\n\n\n\n<h3>Entidades fiscalizadoras<\/h3>\n\n\n\n<p>No documento, o ministro Paulo S\u00e9rgio Nogueira detalha quais institui\u00e7\u00f5es s\u00e3o consideradas como &#8216;entidades fiscalizadoras, legitimadas a participar das etapas do processo de fiscaliza\u00e7\u00e3o&#8217;. Veja na rela\u00e7\u00e3o a seguir:<br>1 &#8211; partidos pol\u00edticos, federa\u00e7\u00f5es e coliga\u00e7\u00f5es;<br>2 &#8211; Ordem dos Advogados do Brasil;<br>3 &#8211; Minist\u00e9rio P\u00fablico;<br>4 &#8211; Cnogresso Nacional;<br>5 &#8211; Supremo Tribunal Federal;<br>6 &#8211; Controladoria-Geral da Uni\u00e3o;<br>7 &#8211; Pol\u00edcia Federal;<br>8 &#8211; Sociedade Brasileira de Computa\u00e7\u00e3o;<br>9 &#8211; Conselho Federal de Engenharia e Agronomia;<br>10 &#8211; Conselho Nacional de Justi\u00e7a;<br>11 &#8211; Conselho Nacional do Minist\u00e9rio P\u00fablico;<br>12 &#8211; Tribunal de Contas da Uni\u00e3o;<br>13 &#8211; For\u00e7as Armadas;<br>14 &#8211; Confedera\u00e7\u00e3o Nacional da Ind\u00fastria, demais integrantes do Sistema Ind\u00fastria e entidades corporativas pertencentes ao Sistema S;<br>15 &#8211; entidades privadas brasileiras, sem fins lucrativos, com not\u00f3ria atua\u00e7\u00e3o em fiscaliza\u00e7\u00e3o e transpar\u00eancia da gest\u00e3o p\u00fablica, credenciadas junto ao TSE; e<br>16 &#8211; departamentos de tecnologia da informa\u00e7\u00e3o de universidades credenciadas junto ao TSE.<\/p>\n","protected":false},"excerpt":{"rendered":"<p>O Minist\u00e9rio da Defesa afirmou ao&nbsp;TSE (Tribunal Superior Eleitoral)&nbsp;nesta quarta-feira (19) que vai elaborar um relat\u00f3rio de fiscaliza\u00e7\u00e3o sobre as elei\u00e7\u00f5es de 2022 depois do segundo turno, marcado para o dia 30. No of\u00edcio enviado ao ministro Alexandre de Moraes, presidente do TSE, o&nbsp;ministro da Defesa, o general Paulo S\u00e9rgio Nogueira, detalha que o relat\u00f3rio [&hellip;]<\/p>\n","protected":false},"author":2,"featured_media":12988,"comment_status":"open","ping_status":"open","sticky":false,"template":"","format":"standard","meta":[],"categories":[4],"tags":[13],"_links":{"self":[{"href":"https:\/\/dgospel.com.br\/portal\/index.php\/wp-json\/wp\/v2\/posts\/12987"}],"collection":[{"href":"https:\/\/dgospel.com.br\/portal\/index.php\/wp-json\/wp\/v2\/posts"}],"about":[{"href":"https:\/\/dgospel.com.br\/portal\/index.php\/wp-json\/wp\/v2\/types\/post"}],"author":[{"embeddable":true,"href":"https:\/\/dgospel.com.br\/portal\/index.php\/wp-json\/wp\/v2\/users\/2"}],"replies":[{"embeddable":true,"href":"https:\/\/dgospel.com.br\/portal\/index.php\/wp-json\/wp\/v2\/comments?post=12987"}],"version-history":[{"count":1,"href":"https:\/\/dgospel.com.br\/portal\/index.php\/wp-json\/wp\/v2\/posts\/12987\/revisions"}],"predecessor-version":[{"id":12989,"href":"https:\/\/dgospel.com.br\/portal\/index.php\/wp-json\/wp\/v2\/posts\/12987\/revisions\/12989"}],"wp:featuredmedia":[{"embeddable":true,"href":"https:\/\/dgospel.com.br\/portal\/index.php\/wp-json\/wp\/v2\/media\/12988"}],"wp:attachment":[{"href":"https:\/\/dgospel.com.br\/portal\/index.php\/wp-json\/wp\/v2\/media?parent=12987"}],"wp:term":[{"taxonomy":"category","embeddable":true,"href":"https:\/\/dgospel.com.br\/portal\/index.php\/wp-json\/wp\/v2\/categories?post=12987"},{"taxonomy":"post_tag","embeddable":true,"href":"https:\/\/dgospel.com.br\/portal\/index.php\/wp-json\/wp\/v2\/tags?post=12987"}],"curies":[{"name":"wp","href":"https:\/\/api.w.org\/{rel}","templated":true}]}}