{"id":1299,"date":"2018-09-12T18:50:25","date_gmt":"2018-09-12T21:50:25","guid":{"rendered":"http:\/\/dgospel.com.br\/portal\/?p=1299"},"modified":"2018-09-12T18:50:25","modified_gmt":"2018-09-12T21:50:25","slug":"governo-do-tocantins-capta-r-15-milhao-para-projeto-de-preservacao-ambiental-yahoo-entrada","status":"publish","type":"post","link":"https:\/\/dgospel.com.br\/portal\/index.php\/2018\/09\/12\/governo-do-tocantins-capta-r-15-milhao-para-projeto-de-preservacao-ambiental-yahoo-entrada\/","title":{"rendered":"Governo do Tocantins capta R$ 1,5 milh\u00e3o para projeto de preserva\u00e7\u00e3o ambiental Yahoo \/ Entrada"},"content":{"rendered":"<p>O Programa das Na\u00e7\u00f5es Unidas para o Desenvolvimento anunciou, nesta quarta-feira, 12,\u00a0\u00a0a aprova\u00e7\u00e3o de recursos de R$ 1,5 milh\u00e3o para o Projeto Campo Sustent\u00e1vel apresentado pela Secretaria de Estado do Meio Ambiente e Recursos H\u00eddricos (Semarh) durante o encontro anual da Reuni\u00e3o da For\u00e7a Tarefa dos Governadores para o Clima e Florestas (GCF). A reuni\u00e3o\u00a0\u00a0segue at\u00e9 o pr\u00f3ximo dia 15, na Calif\u00f3rnia (EUA).<\/p>\n<p>O Projeto Campo Sustent\u00e1vel, em parceria com\u00a0 Instituto de Conserva\u00e7\u00e3o e Desenvolvimento Sustent\u00e1vel da Amaz\u00f4nia (Idesam),\u00a0foi elaborado para garantir a redu\u00e7\u00e3o do desmatamento, por\u00e9m aliado ao desenvolvimento das cadeias produtivas sustent\u00e1veis. Outro ponto que garantiu a capta\u00e7\u00e3o do recurso \u00e9 que as estrat\u00e9gias apresentadas est\u00e3o dentro dos eixos trabalhados para a efetiva\u00e7\u00e3o, no Tocantins, do Programa Jurisdicional de Redu\u00e7\u00e3o das Emiss\u00f5es por Desmatamento e Degrada\u00e7\u00e3o (REDD+), que visa assegurar e subsidiar programas de economia de baixo carbono, que diminuem as press\u00f5es de desmatamento e degrada\u00e7\u00e3o e beneficiam as comunidades locais, considerando sempre as salvaguardas socioambientais.<\/p>\n<p>A participa\u00e7\u00e3o do Estado no GCF, segundo o subsecret\u00e1rio da Semarh, Rubens Brito, foi essencial para garantir o recurso. \u201cVamos iniciar uma a\u00e7\u00e3o piloto na regi\u00e3o sul do Estado que tem foco na Cadeia Produtiva Sustent\u00e1vel da Pecu\u00e1ria\u201d, adiantou. Para Rubens Brito, o Tocantins est\u00e1 num cen\u00e1rio internacional favor\u00e1vel e pode contribuir de forma ativa para firmar compromissos\u00a0\u00a0e parcerias voltadas \u00e0 conserva\u00e7\u00e3o de florestas e mitiga\u00e7\u00e3o de mudan\u00e7as clim\u00e1ticas. \u201cDessa forma, esse projeto \u00e9 pensado para reduzir o desmatamento em terras privadas dentro do bioma Cerrado, que faz fronteira com a Amaz\u00f4nia, de forma complementar, o Programa Jurisdicional de REDD+\u201d, explicou.<\/p>\n<p>O projeto est\u00e1 estruturado em quatro eixos que foram analisados como parte da estrat\u00e9gia maior para o desenvolvimento sustent\u00e1vel, e buscam endere\u00e7ar desafios presentes e futuros, s\u00e3o eles: implanta\u00e7\u00e3o e acompanhamento do Programa Campo Sustent\u00e1vel;\u00a0\u00a0constru\u00e7\u00e3o de sistema do Estado do Tocantins para Produ\u00e7\u00e3o Rural Sustent\u00e1vel; desenvolvimento de estrat\u00e9gia de investimento para transi\u00e7\u00e3o agroecol\u00f3gica e redu\u00e7\u00e3o do desmatamento no Tocantins; e prospec\u00e7\u00e3o de novos investimentos para transi\u00e7\u00e3o agroecol\u00f3gica.<\/p>\n<p><strong>GCF<\/strong><\/p>\n<p>O GCF \u00e9 uma for\u00e7a-tarefa internacional estabelecida com base em um memorando de entendimentos, assinado em 2008, nos Estados Unidos, que fornece a base para a coopera\u00e7\u00e3o em in\u00fameros assuntos relacionados \u00e0 pol\u00edtica clim\u00e1tica, financiamento, troca de tecnologia e pesquisa.<\/p>\n<p>Um total de 38 estados e prov\u00edncias do Brasil, Col\u00f4mbia, Costa do Marfim, Equador, Espanha, Estados Unidos, Indon\u00e9sia, M\u00e9xico, Nig\u00e9ria e Peru trabalham para construir programas jurisdicionais robustos que integrem pol\u00edticas de REDD+ a outras a\u00e7\u00f5es que reduzam as emiss\u00f5es de gases causadores do efeito estufa.<\/p>\n<p>O GCF defende que os governos subnacionais forne\u00e7am oportunidades \u00fanicas para a inova\u00e7\u00e3o e a lideran\u00e7a pol\u00edticas, e que os esfor\u00e7os bem sucedidos para proteger as florestas, reduzir as emiss\u00f5es e melhorar a vida das pessoas devem ser baseados em programas jurisdicionais, em vez de projetos e atividades individuais.<\/p>\n","protected":false},"excerpt":{"rendered":"<p>O Programa das Na\u00e7\u00f5es Unidas para o Desenvolvimento anunciou, nesta quarta-feira, 12,\u00a0\u00a0a aprova\u00e7\u00e3o de recursos de R$ 1,5 milh\u00e3o para o Projeto Campo Sustent\u00e1vel apresentado pela Secretaria de Estado do Meio Ambiente e Recursos H\u00eddricos (Semarh) durante o encontro anual da Reuni\u00e3o da For\u00e7a Tarefa dos Governadores para o Clima e Florestas (GCF). A reuni\u00e3o\u00a0\u00a0segue [&hellip;]<\/p>\n","protected":false},"author":2,"featured_media":1300,"comment_status":"open","ping_status":"open","sticky":false,"template":"","format":"standard","meta":[],"categories":[2,3],"tags":[],"_links":{"self":[{"href":"https:\/\/dgospel.com.br\/portal\/index.php\/wp-json\/wp\/v2\/posts\/1299"}],"collection":[{"href":"https:\/\/dgospel.com.br\/portal\/index.php\/wp-json\/wp\/v2\/posts"}],"about":[{"href":"https:\/\/dgospel.com.br\/portal\/index.php\/wp-json\/wp\/v2\/types\/post"}],"author":[{"embeddable":true,"href":"https:\/\/dgospel.com.br\/portal\/index.php\/wp-json\/wp\/v2\/users\/2"}],"replies":[{"embeddable":true,"href":"https:\/\/dgospel.com.br\/portal\/index.php\/wp-json\/wp\/v2\/comments?post=1299"}],"version-history":[{"count":1,"href":"https:\/\/dgospel.com.br\/portal\/index.php\/wp-json\/wp\/v2\/posts\/1299\/revisions"}],"predecessor-version":[{"id":1301,"href":"https:\/\/dgospel.com.br\/portal\/index.php\/wp-json\/wp\/v2\/posts\/1299\/revisions\/1301"}],"wp:featuredmedia":[{"embeddable":true,"href":"https:\/\/dgospel.com.br\/portal\/index.php\/wp-json\/wp\/v2\/media\/1300"}],"wp:attachment":[{"href":"https:\/\/dgospel.com.br\/portal\/index.php\/wp-json\/wp\/v2\/media?parent=1299"}],"wp:term":[{"taxonomy":"category","embeddable":true,"href":"https:\/\/dgospel.com.br\/portal\/index.php\/wp-json\/wp\/v2\/categories?post=1299"},{"taxonomy":"post_tag","embeddable":true,"href":"https:\/\/dgospel.com.br\/portal\/index.php\/wp-json\/wp\/v2\/tags?post=1299"}],"curies":[{"name":"wp","href":"https:\/\/api.w.org\/{rel}","templated":true}]}}