{"id":12993,"date":"2022-10-20T23:51:22","date_gmt":"2022-10-21T02:51:22","guid":{"rendered":"http:\/\/dgospel.com.br\/portal\/?p=12993"},"modified":"2022-10-20T23:51:23","modified_gmt":"2022-10-21T02:51:23","slug":"pr-andre-valadao-mostra-citacao-do-tse-e-fala-em-invasao-a-conta","status":"publish","type":"post","link":"https:\/\/dgospel.com.br\/portal\/index.php\/2022\/10\/20\/pr-andre-valadao-mostra-citacao-do-tse-e-fala-em-invasao-a-conta\/","title":{"rendered":"Pr. Andr\u00e9 Valad\u00e3o mostra cita\u00e7\u00e3o do TSE e fala em invas\u00e3o \u00e0 conta"},"content":{"rendered":"\n<p>Na tarde desta quinta-feira (20), o pastor Andr\u00e9 Valad\u00e3o mostrou em suas redes sociais trechos da cita\u00e7\u00e3o que recebeu do Tribunal Superior Eleitoral (TSE) com o pedido de retrata\u00e7\u00e3o feito pela campanha do ex-presidente Luiz In\u00e1cio Lula da Silva.<\/p>\n\n\n\n<p>Com o documento ele prova que realmente foi obrigado a dizer que o petista n\u00e3o \u00e9 a favor do aborto, da legaliza\u00e7\u00e3o das drogas e de pequenos furtos.<\/p>\n\n\n\n<p>\u2013 Recebi cita\u00e7\u00e3o do TSE para que me manifestasse, no prazo de um dia, sobre representa\u00e7\u00e3o da Coliga\u00e7\u00e3o do Lula, em que eles pediam que houvesse direito de resposta a um v\u00eddeo em que falei sobre a rela\u00e7\u00e3o entre Lula e temas como aborto, descriminaliza\u00e7\u00e3o das drogas, furtos, regula\u00e7\u00e3o da m\u00eddia e liberdade de express\u00e3o. Desejavam que, pelo mesmo ve\u00edculo [meu perfil no Instagram], eu desdissesse o que havia gravado \u2013 explicou ele.<\/p>\n\n\n\n<p>Assinado pela ministra Maria Cl\u00e1udia Bucchianeri, a cita\u00e7\u00e3o exige o direito de resposta e o pastor, com medo de ter suas redes sociais invadidas, resolveu gravar a resposta.<\/p>\n\n\n\n<p>\u2013 A fim de que o pedido perdesse o objeto, para que n\u00e3o houvesse invas\u00e3o ao meu perfil, sob o manto de um pseudodireito de resposta, gravei o v\u00eddeo em sentido contr\u00e1rio ao inicialmente feito. Encaminhei o caso aos meus advogados \u2013 completou.<\/p>\n","protected":false},"excerpt":{"rendered":"<p>Na tarde desta quinta-feira (20), o pastor Andr\u00e9 Valad\u00e3o mostrou em suas redes sociais trechos da cita\u00e7\u00e3o que recebeu do Tribunal Superior Eleitoral (TSE) com o pedido de retrata\u00e7\u00e3o feito pela campanha do ex-presidente Luiz In\u00e1cio Lula da Silva. Com o documento ele prova que realmente foi obrigado a dizer que o petista n\u00e3o \u00e9 [&hellip;]<\/p>\n","protected":false},"author":2,"featured_media":12994,"comment_status":"open","ping_status":"open","sticky":false,"template":"","format":"standard","meta":[],"categories":[5],"tags":[],"_links":{"self":[{"href":"https:\/\/dgospel.com.br\/portal\/index.php\/wp-json\/wp\/v2\/posts\/12993"}],"collection":[{"href":"https:\/\/dgospel.com.br\/portal\/index.php\/wp-json\/wp\/v2\/posts"}],"about":[{"href":"https:\/\/dgospel.com.br\/portal\/index.php\/wp-json\/wp\/v2\/types\/post"}],"author":[{"embeddable":true,"href":"https:\/\/dgospel.com.br\/portal\/index.php\/wp-json\/wp\/v2\/users\/2"}],"replies":[{"embeddable":true,"href":"https:\/\/dgospel.com.br\/portal\/index.php\/wp-json\/wp\/v2\/comments?post=12993"}],"version-history":[{"count":1,"href":"https:\/\/dgospel.com.br\/portal\/index.php\/wp-json\/wp\/v2\/posts\/12993\/revisions"}],"predecessor-version":[{"id":12995,"href":"https:\/\/dgospel.com.br\/portal\/index.php\/wp-json\/wp\/v2\/posts\/12993\/revisions\/12995"}],"wp:featuredmedia":[{"embeddable":true,"href":"https:\/\/dgospel.com.br\/portal\/index.php\/wp-json\/wp\/v2\/media\/12994"}],"wp:attachment":[{"href":"https:\/\/dgospel.com.br\/portal\/index.php\/wp-json\/wp\/v2\/media?parent=12993"}],"wp:term":[{"taxonomy":"category","embeddable":true,"href":"https:\/\/dgospel.com.br\/portal\/index.php\/wp-json\/wp\/v2\/categories?post=12993"},{"taxonomy":"post_tag","embeddable":true,"href":"https:\/\/dgospel.com.br\/portal\/index.php\/wp-json\/wp\/v2\/tags?post=12993"}],"curies":[{"name":"wp","href":"https:\/\/api.w.org\/{rel}","templated":true}]}}