{"id":12996,"date":"2022-10-21T00:02:09","date_gmt":"2022-10-21T03:02:09","guid":{"rendered":"http:\/\/dgospel.com.br\/portal\/?p=12996"},"modified":"2022-10-21T00:09:20","modified_gmt":"2022-10-21T03:09:20","slug":"deputado-apoiador-de-lula-persegue-o-pastor-andre-valadao","status":"publish","type":"post","link":"https:\/\/dgospel.com.br\/portal\/index.php\/2022\/10\/21\/deputado-apoiador-de-lula-persegue-o-pastor-andre-valadao\/","title":{"rendered":"Aliado de Lula, deputado Frota persegue o pastor Andr\u00e9 Valad\u00e3o"},"content":{"rendered":"\n<p>Nesta quinta-feira (20), o deputado federal Alexandre Frota (PROS-SP), que \u00e9 apoiador de Lula, protocolou uma den\u00fancia no Tribunal Superior Eleitoral (TSE) contra o pastor Andr\u00e9 Valad\u00e3o,&nbsp;<a href=\"https:\/\/pleno.news\/brasil\/politica-nacional\/tse-obriga-andre-valadao-dizer-que-lula-nao-defende-aborto.html\" target=\"_blank\" rel=\"noreferrer noopener\">que postou um v\u00eddeo<\/a>&nbsp;nesta quarta (19) dizendo que foi intimado pela Corte a fazer uma retrata\u00e7\u00e3o ao ex-presidente Lula (PT).<\/p>\n\n\n\n<p>Em uma clara persegui\u00e7\u00e3o, Frota acusa o pastor de estar mentindo, e que se trata de um crime. Ele tamb\u00e9m redigiu of\u00edcio ao procurador-geral da Rep\u00fablica Augusto Aras e ao ministro Alexandre de Moraes.<\/p>\n\n\n\n<p>\u2013 Acabei de protocolar den\u00fancia contra o pastor Andr\u00e9 Valad\u00e3o onde ontem ele apresentou uma decis\u00e3o judicial falsa, para fins eleitorais, isso \u00e9 crime do art. 348 do C\u00f3digo Eleitoral. Fiz um of\u00edcio tamb\u00e9m para o Aras (PGR) e para o Alexandre de Moraes (TSE) para que o pastor seja intimado a dar explica\u00e7\u00e3o sobre o v\u00eddeo falso de retrata\u00e7\u00e3o ao Lula. Este fato \u00e9 punido com pena de 2 a 6 anos por se tratar de uma afirma\u00e7\u00e3o falsa. O mesmo afirma que teria sido obrigado a fazer o v\u00eddeo por determina\u00e7\u00e3o do presidente do TSE, que desmentiu \u2013 anunciou o deputado nas redes sociais.<\/p>\n\n\n\n<figure class=\"wp-block-image\"><img src=\"https:\/\/static.cdn.pleno.news\/2022\/10\/Screenshot_2017.png\" alt=\"\" class=\"wp-image-1030652\"\/><\/figure>\n\n\n\n<p>No entanto, na tarde desta quinta (20), Andr\u00e9 Valad\u00e3o, por meio de seu perfil oficial no Instagram,&nbsp;<a href=\"https:\/\/pleno.news\/brasil\/andre-valadao-mostra-citacao-do-tse-e-fala-em-invasao-a-conta.html\" target=\"_blank\" rel=\"noreferrer noopener\">mostrou trechos da cita\u00e7\u00e3o que recebeu<\/a>, comprovando que foi intimado a negar que o petista \u00e9 a favor da legaliza\u00e7\u00e3o do aborto, al\u00e9m da descriminaliza\u00e7\u00e3o das drogas e de pequenos furtos.<\/p>\n\n\n\n<p>\u2013 Recebi cita\u00e7\u00e3o do TSE para que me manifestasse, no prazo de um dia, sobre representa\u00e7\u00e3o da Coliga\u00e7\u00e3o do Lula, em que eles pediam que houvesse direito de resposta a um v\u00eddeo em que falei sobre a rela\u00e7\u00e3o entre Lula e temas como aborto, descriminaliza\u00e7\u00e3o das drogas, furtos, regula\u00e7\u00e3o da m\u00eddia e liberdade de express\u00e3o. Desejavam que, pelo mesmo ve\u00edculo [meu perfil no Instagram], eu desdissesse o que havia gravado \u2013 explicou o pastor.<\/p>\n","protected":false},"excerpt":{"rendered":"<p>Nesta quinta-feira (20), o deputado federal Alexandre Frota (PROS-SP), que \u00e9 apoiador de Lula, protocolou uma den\u00fancia no Tribunal Superior Eleitoral (TSE) contra o pastor Andr\u00e9 Valad\u00e3o,&nbsp;que postou um v\u00eddeo&nbsp;nesta quarta (19) dizendo que foi intimado pela Corte a fazer uma retrata\u00e7\u00e3o ao ex-presidente Lula (PT). Em uma clara persegui\u00e7\u00e3o, Frota acusa o pastor de [&hellip;]<\/p>\n","protected":false},"author":2,"featured_media":12997,"comment_status":"open","ping_status":"open","sticky":false,"template":"","format":"standard","meta":[],"categories":[8],"tags":[],"_links":{"self":[{"href":"https:\/\/dgospel.com.br\/portal\/index.php\/wp-json\/wp\/v2\/posts\/12996"}],"collection":[{"href":"https:\/\/dgospel.com.br\/portal\/index.php\/wp-json\/wp\/v2\/posts"}],"about":[{"href":"https:\/\/dgospel.com.br\/portal\/index.php\/wp-json\/wp\/v2\/types\/post"}],"author":[{"embeddable":true,"href":"https:\/\/dgospel.com.br\/portal\/index.php\/wp-json\/wp\/v2\/users\/2"}],"replies":[{"embeddable":true,"href":"https:\/\/dgospel.com.br\/portal\/index.php\/wp-json\/wp\/v2\/comments?post=12996"}],"version-history":[{"count":2,"href":"https:\/\/dgospel.com.br\/portal\/index.php\/wp-json\/wp\/v2\/posts\/12996\/revisions"}],"predecessor-version":[{"id":13003,"href":"https:\/\/dgospel.com.br\/portal\/index.php\/wp-json\/wp\/v2\/posts\/12996\/revisions\/13003"}],"wp:featuredmedia":[{"embeddable":true,"href":"https:\/\/dgospel.com.br\/portal\/index.php\/wp-json\/wp\/v2\/media\/12997"}],"wp:attachment":[{"href":"https:\/\/dgospel.com.br\/portal\/index.php\/wp-json\/wp\/v2\/media?parent=12996"}],"wp:term":[{"taxonomy":"category","embeddable":true,"href":"https:\/\/dgospel.com.br\/portal\/index.php\/wp-json\/wp\/v2\/categories?post=12996"},{"taxonomy":"post_tag","embeddable":true,"href":"https:\/\/dgospel.com.br\/portal\/index.php\/wp-json\/wp\/v2\/tags?post=12996"}],"curies":[{"name":"wp","href":"https:\/\/api.w.org\/{rel}","templated":true}]}}