{"id":13000,"date":"2022-10-21T00:08:05","date_gmt":"2022-10-21T03:08:05","guid":{"rendered":"http:\/\/dgospel.com.br\/portal\/?p=13000"},"modified":"2022-10-21T00:08:06","modified_gmt":"2022-10-21T03:08:06","slug":"ministra-do-tse-suspende-direito-de-resposta-de-lula-em-164-insercoes-da-propaganda-de-bolsonaro","status":"publish","type":"post","link":"https:\/\/dgospel.com.br\/portal\/index.php\/2022\/10\/21\/ministra-do-tse-suspende-direito-de-resposta-de-lula-em-164-insercoes-da-propaganda-de-bolsonaro\/","title":{"rendered":"Ministra do TSE suspende direito de resposta de Lula em 164 inser\u00e7\u00f5es da propaganda de Bolsonaro"},"content":{"rendered":"\n<p>A ministra Maria Claudia Bucchianeri, do\u00a0<a href=\"https:\/\/noticias.r7.com\/eleicoes-2022\/tse-suspende-propaganda-de-lula-que-liga-bolsonaro-a-armas-20102022\">Tribunal Superior Eleitoral (TSE)<\/a>, suspendeu o direito de resposta que garantia ao ex-presidente Luiz In\u00e1cio Lula da Silva (PT), candidato \u00e0 Presid\u00eancia da Rep\u00fablica, o direito a 164 inser\u00e7\u00f5es na propaganda eleitoral de Jair Bolsonaro (PL).<\/p>\n\n\n\n<p>&#8220;O procedimento \u00e9 incompat\u00edvel com a celeridade inerente aos processos de direito de resposta, bem assim com a colegialidade que norteia os julgamentos sobre propaganda, nos termos do art. 2\u00ba da Portaria n\u00ba 791\/2022&#8221;, escreveu a ministra.<\/p>\n\n\n\n<p>A magistrada decidiu que o caso dever\u00e1 ser analisado pelo plen\u00e1rio. &#8220;Nesse contexto, recebo os presentes embargos declarat\u00f3rios como recurso inominado (art. 58, \u00a7 5\u00ba da Lei n\u00ba 9.504\/97) e a ele atribuo, excepcionalmente, efic\u00e1cia suspensiva, at\u00e9 respectiva an\u00e1lise colegiada&#8221;, acrescentou Maria Claudia Bucchianeri, que deu \u00e0 defesa dos dois candidatos um prazo de 24 horas para se manifestarem.<\/p>\n\n\n\n<h3>Associa\u00e7\u00e3o ao canibalismo<\/h3>\n\n\n\n<p>O presidente Bolsonaro obteve direito de resposta sobre uma propaganda eleitoral feita pela campanha do ex-presidente Lula que&nbsp;<a href=\"https:\/\/noticias.r7.com\/eleicoes-2022\/bolsonaro-obtem-direito-de-resposta-por-propaganda-que-o-associou-ao-canibalismo-19102022\">sugere que o chefe do Executivo federal seja canibal<\/a>. A decis\u00e3o \u00e9 do ministro Paulo de Tarso Sanseverino, do Tribunal Superior Eleitoral (TSE).<\/p>\n\n\n\n<p>A propaganda do PT usa trechos de uma entrevista de Bolsonaro na qual o presidente cita a visita que fez a um agrupamento ind\u00edgena e diz que, na cultura dos integrantes daquele povoado, quando um ind\u00edgena morre, o corpo \u00e9 cozinhado e, depois, ingerido por todos os que presenciam o ritual.<\/p>\n\n\n\n<p>Na entrevista, Bolsonaro comenta que estava disposto a se submeter \u00e0 cultura ind\u00edgena e a comer o corpo, mas destaca que n\u00e3o o fez porque ningu\u00e9m de sua comitiva concordou em participar.<\/p>\n\n\n\n<p>A&nbsp;<a href=\"https:\/\/noticias.r7.com\/eleicoes-2022\/ex-candidata-simone-tebet-participa-de-ato-pro-lula-no-df-18102022\">campanha do PT<\/a>, no entanto, usou apenas algumas falas de Bolsonaro na propaganda, entre elas &#8220;eu comeria um \u00edndio sem problema nenhum&#8221;. De acordo com Sanseverino, a campanha de Lula retirou a fala de contexto para &#8220;incutir a ideia de que o candidato representante [Bolsonaro] admite, em qualquer contexto, a possibilidade de consumir carne humana&#8221;.<\/p>\n","protected":false},"excerpt":{"rendered":"<p>A ministra Maria Claudia Bucchianeri, do\u00a0Tribunal Superior Eleitoral (TSE), suspendeu o direito de resposta que garantia ao ex-presidente Luiz In\u00e1cio Lula da Silva (PT), candidato \u00e0 Presid\u00eancia da Rep\u00fablica, o direito a 164 inser\u00e7\u00f5es na propaganda eleitoral de Jair Bolsonaro (PL). &#8220;O procedimento \u00e9 incompat\u00edvel com a celeridade inerente aos processos de direito de resposta, [&hellip;]<\/p>\n","protected":false},"author":2,"featured_media":13001,"comment_status":"open","ping_status":"open","sticky":false,"template":"","format":"standard","meta":[],"categories":[4],"tags":[],"_links":{"self":[{"href":"https:\/\/dgospel.com.br\/portal\/index.php\/wp-json\/wp\/v2\/posts\/13000"}],"collection":[{"href":"https:\/\/dgospel.com.br\/portal\/index.php\/wp-json\/wp\/v2\/posts"}],"about":[{"href":"https:\/\/dgospel.com.br\/portal\/index.php\/wp-json\/wp\/v2\/types\/post"}],"author":[{"embeddable":true,"href":"https:\/\/dgospel.com.br\/portal\/index.php\/wp-json\/wp\/v2\/users\/2"}],"replies":[{"embeddable":true,"href":"https:\/\/dgospel.com.br\/portal\/index.php\/wp-json\/wp\/v2\/comments?post=13000"}],"version-history":[{"count":1,"href":"https:\/\/dgospel.com.br\/portal\/index.php\/wp-json\/wp\/v2\/posts\/13000\/revisions"}],"predecessor-version":[{"id":13002,"href":"https:\/\/dgospel.com.br\/portal\/index.php\/wp-json\/wp\/v2\/posts\/13000\/revisions\/13002"}],"wp:featuredmedia":[{"embeddable":true,"href":"https:\/\/dgospel.com.br\/portal\/index.php\/wp-json\/wp\/v2\/media\/13001"}],"wp:attachment":[{"href":"https:\/\/dgospel.com.br\/portal\/index.php\/wp-json\/wp\/v2\/media?parent=13000"}],"wp:term":[{"taxonomy":"category","embeddable":true,"href":"https:\/\/dgospel.com.br\/portal\/index.php\/wp-json\/wp\/v2\/categories?post=13000"},{"taxonomy":"post_tag","embeddable":true,"href":"https:\/\/dgospel.com.br\/portal\/index.php\/wp-json\/wp\/v2\/tags?post=13000"}],"curies":[{"name":"wp","href":"https:\/\/api.w.org\/{rel}","templated":true}]}}