{"id":13004,"date":"2022-10-21T00:11:33","date_gmt":"2022-10-21T03:11:33","guid":{"rendered":"http:\/\/dgospel.com.br\/portal\/?p=13004"},"modified":"2022-10-21T00:11:33","modified_gmt":"2022-10-21T03:11:33","slug":"aliado-de-lula-fernandez-garantiu-churrasco-mas-consumo-na-argentina-e-o-menor-em-100-anos","status":"publish","type":"post","link":"https:\/\/dgospel.com.br\/portal\/index.php\/2022\/10\/21\/aliado-de-lula-fernandez-garantiu-churrasco-mas-consumo-na-argentina-e-o-menor-em-100-anos\/","title":{"rendered":"Aliado de Lula, Fern\u00e1ndez garantiu churrasco, mas consumo na Argentina \u00e9 o menor em 100 anos"},"content":{"rendered":"\n<p>O presidente da Argentina, Alberto Fern\u00e1ndez, foi eleito em 2019 e usou, em campanha, o discurso de que baixaria o pre\u00e7o da carne bovina para que a popula\u00e7\u00e3o local pudesse fazer mais churrascos, assim como tem prometido o ex-presidente Luiz In\u00e1cio Lula da Silva (PT) caso ven\u00e7a as elei\u00e7\u00f5es deste ano. Contudo, com Fern\u00e1ndez no poder, a Argentina chegou ao menor consumo de carne bovina em 100 anos.<\/p>\n\n\n\n<p>Em junho, relat\u00f3rio da Bolsa de Com\u00e9rcio de Ros\u00e1rio (BCR) mostrou que, em 2021, a m\u00e9dia de consumo de carne bovina foi de 47,8 quilos por habitante por ano. De acordo com o documento, a \u00fanica vez em que a Argentina atingiu um menor \u00edndice foi em 1920,\u00a0quando o consumo nacional despencou a 46,9 quilos por habitante por ano.<\/p>\n\n\n\n<p>Uma das propagandas de Fern\u00e1ndez e da vice dele, Cristina Kirchner, em 2019 mostrava um homem em frente a uma churrasqueira desativada e cheia de entulhos. Na pe\u00e7a publicit\u00e1ria, um locutor come\u00e7a a exaltar o passado e a dizer que, antes, os argentinos podiam fazer churrascos e rir com amigos.<\/p>\n\n\n\n<p>\u201cTemos milhares de problemas todos os dias. Mas, bom, chegava o fim de semana e algu\u00e9m dizia: \u2018Ei, sai um churrasco?\u2019. A verdade \u00e9 que come\u00e7amos a perder essas coisas, e eu n\u00e3o estou falando de comida. Fazer um churrasco era algo mais, era convidar seus amigos, rir um pouco. Para que trabalhamos, afinal? O bom \u00e9 que, em pouco tempo, tudo isso vai melhorar\u201d, dizia o texto lido.<\/p>\n\n\n\n<p>No entanto, a carne na Argentina ficou mais cara assim que Fern\u00e1ndez se tornou presidente. Segundo o Instituto de Promo\u00e7\u00e3o da Carne Bovina Argentina, a costela, por exemplo, que 290,47 pesos em dezembro de 2019, subiu para 1.113,06 pesos no m\u00eas passado (alta de 283%). O mesmo aconteceu com a alcatra, que passou de&nbsp;352,13 pesos para&nbsp;1.275,81 pesos (reajuste de 262%).<\/p>\n\n\n\n<p>Desde o in\u00edcio da campanha eleitoral deste ano, Lula tem afirmado que vai reduzir o pre\u00e7o da carne no pa\u00eds se for eleito. Segundo ele, &#8220;o povo tem que voltar a comer um churrasquinho, a comer uma picanha e tomar uma cervejinha&#8221;.<\/p>\n\n\n\n<p>&#8220;O povo que est\u00e1 assistindo ao teu programa, muitas vezes vai ao a\u00e7ougue, e compra uma picanha achando que \u00e9 picanha, e n\u00e3o \u00e9. \u00c9 cox\u00e3o duro! Porque a picanha \u00e9 uma pecinha assim. N\u00f3s vamos voltar a comer picanha. \u00c9 tudo o que o povo quer. O povo gosta de coisa boa. Aquela parte com gordurazinha passada na farinha, tomar cervejinha gelada, \u00e9 tudo que o povo quer&#8221;, disse Lula em entrevista a um canal de televis\u00e3o aberta antes do primeiro turno.<\/p>\n","protected":false},"excerpt":{"rendered":"<p>O presidente da Argentina, Alberto Fern\u00e1ndez, foi eleito em 2019 e usou, em campanha, o discurso de que baixaria o pre\u00e7o da carne bovina para que a popula\u00e7\u00e3o local pudesse fazer mais churrascos, assim como tem prometido o ex-presidente Luiz In\u00e1cio Lula da Silva (PT) caso ven\u00e7a as elei\u00e7\u00f5es deste ano. Contudo, com Fern\u00e1ndez no [&hellip;]<\/p>\n","protected":false},"author":2,"featured_media":13005,"comment_status":"open","ping_status":"open","sticky":false,"template":"","format":"standard","meta":[],"categories":[16],"tags":[13],"_links":{"self":[{"href":"https:\/\/dgospel.com.br\/portal\/index.php\/wp-json\/wp\/v2\/posts\/13004"}],"collection":[{"href":"https:\/\/dgospel.com.br\/portal\/index.php\/wp-json\/wp\/v2\/posts"}],"about":[{"href":"https:\/\/dgospel.com.br\/portal\/index.php\/wp-json\/wp\/v2\/types\/post"}],"author":[{"embeddable":true,"href":"https:\/\/dgospel.com.br\/portal\/index.php\/wp-json\/wp\/v2\/users\/2"}],"replies":[{"embeddable":true,"href":"https:\/\/dgospel.com.br\/portal\/index.php\/wp-json\/wp\/v2\/comments?post=13004"}],"version-history":[{"count":1,"href":"https:\/\/dgospel.com.br\/portal\/index.php\/wp-json\/wp\/v2\/posts\/13004\/revisions"}],"predecessor-version":[{"id":13006,"href":"https:\/\/dgospel.com.br\/portal\/index.php\/wp-json\/wp\/v2\/posts\/13004\/revisions\/13006"}],"wp:featuredmedia":[{"embeddable":true,"href":"https:\/\/dgospel.com.br\/portal\/index.php\/wp-json\/wp\/v2\/media\/13005"}],"wp:attachment":[{"href":"https:\/\/dgospel.com.br\/portal\/index.php\/wp-json\/wp\/v2\/media?parent=13004"}],"wp:term":[{"taxonomy":"category","embeddable":true,"href":"https:\/\/dgospel.com.br\/portal\/index.php\/wp-json\/wp\/v2\/categories?post=13004"},{"taxonomy":"post_tag","embeddable":true,"href":"https:\/\/dgospel.com.br\/portal\/index.php\/wp-json\/wp\/v2\/tags?post=13004"}],"curies":[{"name":"wp","href":"https:\/\/api.w.org\/{rel}","templated":true}]}}