{"id":13007,"date":"2022-10-21T09:29:19","date_gmt":"2022-10-21T12:29:19","guid":{"rendered":"http:\/\/dgospel.com.br\/portal\/?p=13007"},"modified":"2022-10-21T09:29:20","modified_gmt":"2022-10-21T12:29:20","slug":"guedes-rebate-fake-de-janones-sobre-reducao-do-salario-minimo","status":"publish","type":"post","link":"https:\/\/dgospel.com.br\/portal\/index.php\/2022\/10\/21\/guedes-rebate-fake-de-janones-sobre-reducao-do-salario-minimo\/","title":{"rendered":"Guedes rebate fake de Janones sobre redu\u00e7\u00e3o do sal\u00e1rio m\u00ednimo"},"content":{"rendered":"\n<p>O ministro da Economia,&nbsp;<a href=\"http:\/\/pleno.news\/tag\/paulo-guedes\" target=\"_blank\" rel=\"noreferrer noopener\">Paulo Guedes<\/a>, desmentiu uma informa\u00e7\u00e3o veiculada pelo deputado federal Andr\u00e9 Janones (Avante-MG) de que o governo estaria planejando reduzir o valor do sal\u00e1rio m\u00ednimo e das aposentadorias a partir de 2023. Ao site O Antagonista, Guedes disse que enviou o v\u00eddeo ao ministro&nbsp;<a href=\"http:\/\/pleno.news\/tag\/alexandre-de-moraes\" target=\"_blank\" rel=\"noreferrer noopener\">Alexandre de Moraes<\/a>, presidente do TSE, pedindo a retirada do conte\u00fado.<\/p>\n\n\n\n<p>\u2013 Essa fake news ser\u00e1 interditada? Espero imparcialidade do TSE, car\u00edssimo ministro [Alexandre de Moraes] \u2013 declarou.<\/p>\n\n\n\n<p>Guedes tamb\u00e9m ressaltou que \u201cnem durante a pandemia o governo deixou de reajustar o sal\u00e1rio m\u00ednimo e as aposentadorias\u201d. \u00c0 CNN Brasil, o ministro garantiu que os valores ser\u00e3o corrigidos pela infla\u00e7\u00e3o e que o governo estuda, inclusive, um aumento real, acima do patamar inflacion\u00e1rio.<\/p>\n\n\n\n<p>\u2013 Tem fake news que sal\u00e1rio m\u00ednimo e aposentadorias n\u00e3o ser\u00e3o corrigidos. N\u00e3o tem nada de sal\u00e1rio m\u00ednimo mais baixo, muito pelo contr\u00e1rio. Eu garanto que ser\u00e1 corrigido no m\u00ednimo pela infla\u00e7\u00e3o. E que estamos estudando aumento real, acima da infla\u00e7\u00e3o \u2013 disse Guedes \u00e0 emissora.<\/p>\n","protected":false},"excerpt":{"rendered":"<p>O ministro da Economia,&nbsp;Paulo Guedes, desmentiu uma informa\u00e7\u00e3o veiculada pelo deputado federal Andr\u00e9 Janones (Avante-MG) de que o governo estaria planejando reduzir o valor do sal\u00e1rio m\u00ednimo e das aposentadorias a partir de 2023. Ao site O Antagonista, Guedes disse que enviou o v\u00eddeo ao ministro&nbsp;Alexandre de Moraes, presidente do TSE, pedindo a retirada do [&hellip;]<\/p>\n","protected":false},"author":2,"featured_media":13008,"comment_status":"open","ping_status":"open","sticky":false,"template":"","format":"standard","meta":[],"categories":[10],"tags":[],"_links":{"self":[{"href":"https:\/\/dgospel.com.br\/portal\/index.php\/wp-json\/wp\/v2\/posts\/13007"}],"collection":[{"href":"https:\/\/dgospel.com.br\/portal\/index.php\/wp-json\/wp\/v2\/posts"}],"about":[{"href":"https:\/\/dgospel.com.br\/portal\/index.php\/wp-json\/wp\/v2\/types\/post"}],"author":[{"embeddable":true,"href":"https:\/\/dgospel.com.br\/portal\/index.php\/wp-json\/wp\/v2\/users\/2"}],"replies":[{"embeddable":true,"href":"https:\/\/dgospel.com.br\/portal\/index.php\/wp-json\/wp\/v2\/comments?post=13007"}],"version-history":[{"count":1,"href":"https:\/\/dgospel.com.br\/portal\/index.php\/wp-json\/wp\/v2\/posts\/13007\/revisions"}],"predecessor-version":[{"id":13009,"href":"https:\/\/dgospel.com.br\/portal\/index.php\/wp-json\/wp\/v2\/posts\/13007\/revisions\/13009"}],"wp:featuredmedia":[{"embeddable":true,"href":"https:\/\/dgospel.com.br\/portal\/index.php\/wp-json\/wp\/v2\/media\/13008"}],"wp:attachment":[{"href":"https:\/\/dgospel.com.br\/portal\/index.php\/wp-json\/wp\/v2\/media?parent=13007"}],"wp:term":[{"taxonomy":"category","embeddable":true,"href":"https:\/\/dgospel.com.br\/portal\/index.php\/wp-json\/wp\/v2\/categories?post=13007"},{"taxonomy":"post_tag","embeddable":true,"href":"https:\/\/dgospel.com.br\/portal\/index.php\/wp-json\/wp\/v2\/tags?post=13007"}],"curies":[{"name":"wp","href":"https:\/\/api.w.org\/{rel}","templated":true}]}}