{"id":13010,"date":"2022-10-21T09:31:46","date_gmt":"2022-10-21T12:31:46","guid":{"rendered":"http:\/\/dgospel.com.br\/portal\/?p=13010"},"modified":"2022-10-21T09:31:48","modified_gmt":"2022-10-21T12:31:48","slug":"michelle-durante-culto-no-rio-cremos-numa-nacao-curada","status":"publish","type":"post","link":"https:\/\/dgospel.com.br\/portal\/index.php\/2022\/10\/21\/michelle-durante-culto-no-rio-cremos-numa-nacao-curada\/","title":{"rendered":"Michelle durante culto no Rio: \u2018Cremos numa na\u00e7\u00e3o curada\u2019"},"content":{"rendered":"\n<p>Nesta quinta-feira (20), a primeira-dama Michelle Bolsonaro esteve na Assembleia de Deus Vit\u00f3ria em Cristo (ADVEC), no Rio de Janeiro, para participar de um culto especial das Mulheres Vitoriosas.<\/p>\n\n\n\n<p>A programa\u00e7\u00e3o tamb\u00e9m contou com a presen\u00e7a das cantoras Jozyanne, Midian Lima, Eyshila e Rachel Malafaia. O culto marcou a celebra\u00e7\u00e3o de anivers\u00e1rio da pastora Elizete Malafaia, esposa do pastor Silas Malafaia.<\/p>\n\n\n\n<p>Michelle foi convidada a deixar uma breve palavra. Ela relembrou os anos que fez parte da ADVEC e expressou alegria por estar vendo irm\u00e3os e amigos novamente.<\/p>\n\n\n\n<p>Em seguida, a primeira-dama relatou seus desafios e escolhas.<\/p>\n\n\n\n<p>\u2013 Eu tenho muito orgulho de saber de onde eu vim e ser obediente ao Senhor. (\u2026) Na verdade, n\u00e3o \u00e9 f\u00e1cil estar \u00e0 frente de uma Presid\u00eancia. Deus, ele realmente escolhe aqueles que se escondem, n\u00e9. E eu, nos dois primeiros anos, eu fiz muita birra com Deus, porque eu falava: \u201ceu n\u00e3o queria estar aqui, Senhor\u201d. (\u2026) Eu sempre fui uma dona de casa porque eu escolhi ser dona de casa. A mulher pode estar onde ela quiser. Mas eu escolhi cuidar das minhas filhas, n\u00e3o terceirizar a educa\u00e7\u00e3o delas. E escolhi cuidar do meu marido para que ele tivesse paz e serenidade para ir \u00e0 Bras\u00edlia toda semana. E quando eu chego em Bras\u00edlia, veio a depress\u00e3o, veio o medo, veio a ang\u00fastia. (\u2026) Eu n\u00e3o queria ser uma primeira-dama de enfeite. E quando eu cheguei, eu vi que a gente n\u00e3o tinha nenhuma estrutura para trabalhar, at\u00e9 porque a gente n\u00e3o teve nenhuma primeira-dama atuante. (\u2026) E a minha tristeza e a minha depress\u00e3o foi por chegar em Bras\u00edlia e n\u00e3o dar continuidade a um trabalho. A sensa\u00e7\u00e3o que eu tinha era que o Brasil tinha sido descoberto no dia 1\u00ba de janeiro de 2019 \u2013 falou.<\/p>\n\n\n\n<p>Ela tamb\u00e9m destacou a import\u00e2ncia de orar pela juventude brasileira.<\/p>\n\n\n\n<p>\u2013 E n\u00f3s temos que orar pelos nossos jovens. Porque, infelizmente, s\u00e3o massa de manobra dentro das universidades. \u00c9 muito f\u00e1cil falar que vai votar no Partido das Trevas com um Iphone na m\u00e3o. \u00c9 muito f\u00e1cil falar que vai votar no Partido das Trevas cursando uma faculdade paga pelos seus pais. N\u00e3o sabe o que \u00e9 um comunismo. N\u00e3o sabe o que \u00e9 passar fome. N\u00e3o sabe o que \u00e9 ter que sair da sua na\u00e7\u00e3o. Mas n\u00f3s estamos orando para que Deus venha agir na vida dos nossos jovens. N\u00f3s cremos numa na\u00e7\u00e3o curada. N\u00f3s cremos numa na\u00e7\u00e3o liberta. Porque o outro lado ficou 16 anos no poder e nada fez. N\u00e3o conseguiu concluir nem as obras. N\u00e3o conseguiu levar \u00e1gua para o Nordeste e hoje est\u00e1 prometendo picanha.<\/p>\n\n\n\n<figure class=\"wp-block-embed is-type-video is-provider-youtube wp-block-embed-youtube wp-embed-aspect-16-9 wp-has-aspect-ratio\"><div class=\"wp-block-embed__wrapper\">\n<iframe loading=\"lazy\" title=\"CULTO DE ANIVERSARIO | PRA. ELIZETE MALAFAIA | MICHELE BOLSONARO |  20\/10\/2022\" width=\"630\" height=\"354\" src=\"https:\/\/www.youtube.com\/embed\/rVuz0vqJ49A?feature=oembed\" frameborder=\"0\" allow=\"accelerometer; autoplay; clipboard-write; encrypted-media; gyroscope; picture-in-picture\" allowfullscreen><\/iframe>\n<\/div><\/figure>\n\n\n\n<figure class=\"wp-block-image\"><img src=\"https:\/\/static.cdn.pleno.news\/2022\/10\/Screenshot-6-2.png\" alt=\"\" class=\"wp-image-1030764\"\/><\/figure>\n","protected":false},"excerpt":{"rendered":"<p>Nesta quinta-feira (20), a primeira-dama Michelle Bolsonaro esteve na Assembleia de Deus Vit\u00f3ria em Cristo (ADVEC), no Rio de Janeiro, para participar de um culto especial das Mulheres Vitoriosas. A programa\u00e7\u00e3o tamb\u00e9m contou com a presen\u00e7a das cantoras Jozyanne, Midian Lima, Eyshila e Rachel Malafaia. O culto marcou a celebra\u00e7\u00e3o de anivers\u00e1rio da pastora Elizete [&hellip;]<\/p>\n","protected":false},"author":2,"featured_media":13011,"comment_status":"open","ping_status":"open","sticky":false,"template":"","format":"standard","meta":[],"categories":[5],"tags":[],"_links":{"self":[{"href":"https:\/\/dgospel.com.br\/portal\/index.php\/wp-json\/wp\/v2\/posts\/13010"}],"collection":[{"href":"https:\/\/dgospel.com.br\/portal\/index.php\/wp-json\/wp\/v2\/posts"}],"about":[{"href":"https:\/\/dgospel.com.br\/portal\/index.php\/wp-json\/wp\/v2\/types\/post"}],"author":[{"embeddable":true,"href":"https:\/\/dgospel.com.br\/portal\/index.php\/wp-json\/wp\/v2\/users\/2"}],"replies":[{"embeddable":true,"href":"https:\/\/dgospel.com.br\/portal\/index.php\/wp-json\/wp\/v2\/comments?post=13010"}],"version-history":[{"count":1,"href":"https:\/\/dgospel.com.br\/portal\/index.php\/wp-json\/wp\/v2\/posts\/13010\/revisions"}],"predecessor-version":[{"id":13012,"href":"https:\/\/dgospel.com.br\/portal\/index.php\/wp-json\/wp\/v2\/posts\/13010\/revisions\/13012"}],"wp:featuredmedia":[{"embeddable":true,"href":"https:\/\/dgospel.com.br\/portal\/index.php\/wp-json\/wp\/v2\/media\/13011"}],"wp:attachment":[{"href":"https:\/\/dgospel.com.br\/portal\/index.php\/wp-json\/wp\/v2\/media?parent=13010"}],"wp:term":[{"taxonomy":"category","embeddable":true,"href":"https:\/\/dgospel.com.br\/portal\/index.php\/wp-json\/wp\/v2\/categories?post=13010"},{"taxonomy":"post_tag","embeddable":true,"href":"https:\/\/dgospel.com.br\/portal\/index.php\/wp-json\/wp\/v2\/tags?post=13010"}],"curies":[{"name":"wp","href":"https:\/\/api.w.org\/{rel}","templated":true}]}}