{"id":13013,"date":"2022-10-21T09:34:18","date_gmt":"2022-10-21T12:34:18","guid":{"rendered":"http:\/\/dgospel.com.br\/portal\/?p=13013"},"modified":"2022-10-21T09:34:19","modified_gmt":"2022-10-21T12:34:19","slug":"em-video-victor-fasano-explica-por-que-nao-vota-em-lula","status":"publish","type":"post","link":"https:\/\/dgospel.com.br\/portal\/index.php\/2022\/10\/21\/em-video-victor-fasano-explica-por-que-nao-vota-em-lula\/","title":{"rendered":"Em v\u00eddeo, Victor Fasano explica por que n\u00e3o vota em Lula"},"content":{"rendered":"\n<p>Nesta quinta-feira (20), o ator Victor Fasano publicou um v\u00eddeo, no qual explica por que n\u00e3o vota no ex-presidente Lula (PT). A grava\u00e7\u00e3o do artista foi compartilhada em seu perfil do Instagram.<\/p>\n\n\n\n<p>\u2013 Sempre que colegas questionam o por que de eu n\u00e3o ser eleitor de Lula, eu respondo com toda tranquilidade estar ciente dos crimes [pelos quais] ele foi condenado. Mas no meu caso, especificamente, estive na regi\u00e3o amaz\u00f4nica no governo dele gravando uma miniss\u00e9rie intitulada de\u00a0<em>Galvez a Chico Mendes<\/em>, onde nos deparamos com cenas dantescas de inc\u00eandios, cortes de \u00e1rvores e florestas e grilagem de terra por toda a regi\u00e3o. Imediatamente, um grupo de artistas se prop\u00f4s a criar o\u00a0<em>Amaz\u00f4nia Para Sempre<\/em>, documento que levar\u00edamos ao governo federal com demandas ambientais da \u00e9poca. Por longos meses, n\u00e3o quiseram nos receber e quando [ele, Lula], finalmente, o fez, ele assinou e se comprometeu, mas nada vez. Pautas ambientais n\u00e3o costumam fazer parte de governo algum. (\u2026) Se compromissos do passado n\u00e3o valiam nada, valeriam agora? (\u2026) Ser\u00e1 que para se defender a democracia \u00e9 necess\u00e1rio eleger um corrupto bandido? (\u2026) Sinto muito, eu n\u00e3o apoio quem eu n\u00e3o confio \u2013 declarou.<\/p>\n\n\n\n<p>J\u00e1 na legenda do v\u00eddeo, Fasano destacou que \u201co bom de ter feito parte da historia \u00e9 vc ainda [estar] vivo [para] contar fatos que n\u00e3o fazem parte da historia de outros\u201d. No post, ele marcou nomes como os do deputado eleito Nikolas Ferreira, da primeira-dama Michelle Bolsonaro, do ex-juiz e senador eleito pelo Paran\u00e1, Sergio Moro, entre outros. O ator ganhou respostas atravessadas e tamb\u00e9m elogio de alguns famosos, entre eles Elba Ramalho e Luiza Tom\u00e9.<\/p>\n\n\n\n<p>\u2013 O bom de ter feito parte da historia \u00e9 vc ainda vivo contar fatos q n\u00e3o fazem parte da historia de outros quaisquer. Nada como experiencias lhe darem credencial para lutar pela verdade q uns pretendem esconder Para quem n\u00e3o acompanhou #amazoniaparasempre esse movimrnto com mais de 3 milh\u00f5es de assinaturas que exigiam do governo federal uma atua\u00e7\u00e3o mais efetiva para proteger a floresta Amazonica #corrup\u00e7\u00e3o #eleicoes2022 @deltandallagnol @sf_moro @romeuzemaoficial @rosangelawmoro @ricamorim @nikolasferreirabr @tarcisiogdf @michelebolsonarobrasil \u2013 escreveu.<\/p>\n\n\n\n<figure class=\"wp-block-image\"><img src=\"https:\/\/static.cdn.pleno.news\/2022\/10\/Screenshot-4-2.png\" alt=\"\" class=\"wp-image-1030680\"\/><\/figure>\n\n\n\n<p>Siga-nos nas nossas redes!&nbsp;<\/p>\n","protected":false},"excerpt":{"rendered":"<p>Nesta quinta-feira (20), o ator Victor Fasano publicou um v\u00eddeo, no qual explica por que n\u00e3o vota no ex-presidente Lula (PT). A grava\u00e7\u00e3o do artista foi compartilhada em seu perfil do Instagram. \u2013 Sempre que colegas questionam o por que de eu n\u00e3o ser eleitor de Lula, eu respondo com toda tranquilidade estar ciente dos [&hellip;]<\/p>\n","protected":false},"author":2,"featured_media":13014,"comment_status":"open","ping_status":"open","sticky":false,"template":"","format":"standard","meta":[],"categories":[4],"tags":[],"_links":{"self":[{"href":"https:\/\/dgospel.com.br\/portal\/index.php\/wp-json\/wp\/v2\/posts\/13013"}],"collection":[{"href":"https:\/\/dgospel.com.br\/portal\/index.php\/wp-json\/wp\/v2\/posts"}],"about":[{"href":"https:\/\/dgospel.com.br\/portal\/index.php\/wp-json\/wp\/v2\/types\/post"}],"author":[{"embeddable":true,"href":"https:\/\/dgospel.com.br\/portal\/index.php\/wp-json\/wp\/v2\/users\/2"}],"replies":[{"embeddable":true,"href":"https:\/\/dgospel.com.br\/portal\/index.php\/wp-json\/wp\/v2\/comments?post=13013"}],"version-history":[{"count":1,"href":"https:\/\/dgospel.com.br\/portal\/index.php\/wp-json\/wp\/v2\/posts\/13013\/revisions"}],"predecessor-version":[{"id":13015,"href":"https:\/\/dgospel.com.br\/portal\/index.php\/wp-json\/wp\/v2\/posts\/13013\/revisions\/13015"}],"wp:featuredmedia":[{"embeddable":true,"href":"https:\/\/dgospel.com.br\/portal\/index.php\/wp-json\/wp\/v2\/media\/13014"}],"wp:attachment":[{"href":"https:\/\/dgospel.com.br\/portal\/index.php\/wp-json\/wp\/v2\/media?parent=13013"}],"wp:term":[{"taxonomy":"category","embeddable":true,"href":"https:\/\/dgospel.com.br\/portal\/index.php\/wp-json\/wp\/v2\/categories?post=13013"},{"taxonomy":"post_tag","embeddable":true,"href":"https:\/\/dgospel.com.br\/portal\/index.php\/wp-json\/wp\/v2\/tags?post=13013"}],"curies":[{"name":"wp","href":"https:\/\/api.w.org\/{rel}","templated":true}]}}