{"id":13016,"date":"2022-10-21T10:38:19","date_gmt":"2022-10-21T13:38:19","guid":{"rendered":"http:\/\/dgospel.com.br\/portal\/?p=13016"},"modified":"2022-10-21T10:38:20","modified_gmt":"2022-10-21T13:38:20","slug":"no-palacio-araguaia-governador-do-tocantins-recebe-embaixador-da-irlanda-para-tratar-sobre-parcerias-e-intercambios","status":"publish","type":"post","link":"https:\/\/dgospel.com.br\/portal\/index.php\/2022\/10\/21\/no-palacio-araguaia-governador-do-tocantins-recebe-embaixador-da-irlanda-para-tratar-sobre-parcerias-e-intercambios\/","title":{"rendered":"No Pal\u00e1cio Araguaia, Governador do Tocantins recebe embaixador da Irlanda para tratar sobre parcerias e interc\u00e2mbios"},"content":{"rendered":"\n<p>Interc\u00e2mbio entre o Tocantins e a Irlanda e parcerias nas \u00e1reas de educa\u00e7\u00e3o, seguran\u00e7a e agricultura foram algumas das pautas tratadas entre o governador Wanderlei Barbosa e o embaixador irland\u00eas no Brasil, Se\u00e1n Hoy, na tarde desta quinta-feira, 20, no Pal\u00e1cio Araguaia. Durante o encontro, as autoridades tamb\u00e9m conversaram sobre a atividade tur\u00edstica no Estado.<\/p>\n\n\n\n<p>Wanderlei Barbosa agradeceu a visita e convidou o embaixador para conhecer os atrativos tur\u00edsticos no Cant\u00e3o e no Jalap\u00e3o. \u201cAl\u00e9m da nossa cultura, o convidamos para conhecer nossa flora. Queremos sugerir uma coopera\u00e7\u00e3o na \u00e1rea tur\u00edstica, tamb\u00e9m na educa\u00e7\u00e3o para que possamos alinhar parcerias, assim como, na seguran\u00e7a e no nosso setor produtivo, que \u00e9 muito importante para o Estado que j\u00e1 exporta para a Europa\u201d, enfatizou o Governador.<\/p>\n\n\n\n<p>O embaixador parabenizou Wanderlei Barbosa por sua reelei\u00e7\u00e3o e destacou o interesse em prospectar interc\u00e2mbios com o Tocantins. \u201cEssa visita \u00e9 nossa oportunidade de encontrar com o Governador e outros parceiros, especialmente das universidades\u201d, revelou.<\/p>\n\n\n\n<p>Se\u00e1n Hoy afirmou, durante o encontro, que j\u00e1 havia visitado o Tocantins em outras ocasi\u00f5es. \u201cSem d\u00favida \u00e9 uma oportunidade para descobrir a vida real do Brasil, geralmente estamos em cidades grandes. Uma oportunidade de conhecer a cultura e experimentar essa vida sertaneja. No Tocantins, conheci planta\u00e7\u00f5es de soja, estive com ind\u00edgenas\u201d, disse.<\/p>\n\n\n\n<p>O secret\u00e1rio de Estado da Governadoria, Jairo Mariano, disse que a visita do representante da Irlanda no Brasil \u00e9 uma oportunidade que se abre para o Tocantins. \u201cEstamos recebendo uma visita que consequentemente tamb\u00e9m estabelece um la\u00e7o pr\u00f3ximo\u201d, ressaltou.<\/p>\n\n\n\n<p><strong>Educa\u00e7\u00e3o<\/strong><br>Durante a perman\u00eancia do embaixador na Capital, o reitor da Universidade Estadual do Tocantins (Unitins), Augusto Rezende, acompanha Se\u00e1n Hoy para di\u00e1logos no intuito de promover interc\u00e2mbios na educa\u00e7\u00e3o. \u201cA import\u00e2ncia dessa visita \u00e9 muito grande. Primeiramente, o Tocantins faz essa interlocu\u00e7\u00e3o com a cultura europ\u00e9ia. Essas rela\u00e7\u00f5es bilaterais nos fortalecem enquanto Estado, enquanto institui\u00e7\u00e3o. E para a Universidade Estadual do Tocantins, em especial, abre portas para o interc\u00e2mbio, recebendo alunos e professores de projetos da Irlanda, tanto quanto do nosso Estado para Irlanda\u201d, afirmou.<\/p>\n\n\n\n<p>A recep\u00e7\u00e3o ao embaixador contou com a execu\u00e7\u00e3o dos hinos nacionais do Brasil e da Irlanda apresentados pelos alunos do Col\u00e9gio Militar de Palmas. Estiveram presentes no encontro o chefe da Casa Militar, coronel M\u00e1rcio Ant\u00f4nio Barbosa; al\u00e9m dos secret\u00e1rios de Estado da Educa\u00e7\u00e3o, F\u00e1bio Vaz, e da Comunica\u00e7\u00e3o, M\u00e1rcio Rocha.<\/p>\n\n\n\n<p><img src=\"https:\/\/central.to.gov.br\/image\/306294?w=670&amp;h=383\"><\/p>\n\n\n\n<p>Governador Wanderlei Barbosa enfatizou que visita de Se\u00e1n Hoy possibilita alinhar parcerias importantes na educa\u00e7\u00e3o e no setor produtivo do Estado &#8211; Marcio Vieira\/Governo do Tocantins<\/p>\n\n\n\n<p><img src=\"https:\/\/central.to.gov.br\/image\/306295?w=670&amp;h=383\"><\/p>\n\n\n\n<p>Na visita ao Pal\u00e1cio Araguaia, o embaixador da Irlanda tamb\u00e9m recebido por alunos do Col\u00e9gio Militar, secret\u00e1rios de Estado e pelo Reitor da Unitins &#8211; Marcio Vieira\/Governo do Tocantins\u00a0<\/p>\n\n\n\n<p><img src=\"https:\/\/central.to.gov.br\/image\/306296?w=670&amp;h=383\"><\/p>\n\n\n\n<p>Presentes tamb\u00e9m na recep\u00e7\u00e3o do embaixador o chefe da Casa Militar, coronel M\u00e1rcio Ant\u00f4nio; al\u00e9m dos secret\u00e1rios de Estado da Educa\u00e7\u00e3o, F\u00e1bio Vaz; da Comunica\u00e7\u00e3o, M\u00e1rcio Rocha e da Governadoria, Jairo Mariano &#8211; Marcio Vieira\/Governo do Tocantins<\/p>\n","protected":false},"excerpt":{"rendered":"<p>Interc\u00e2mbio entre o Tocantins e a Irlanda e parcerias nas \u00e1reas de educa\u00e7\u00e3o, seguran\u00e7a e agricultura foram algumas das pautas tratadas entre o governador Wanderlei Barbosa e o embaixador irland\u00eas no Brasil, Se\u00e1n Hoy, na tarde desta quinta-feira, 20, no Pal\u00e1cio Araguaia. Durante o encontro, as autoridades tamb\u00e9m conversaram sobre a atividade tur\u00edstica no Estado. [&hellip;]<\/p>\n","protected":false},"author":2,"featured_media":13017,"comment_status":"open","ping_status":"open","sticky":false,"template":"","format":"standard","meta":[],"categories":[3],"tags":[13],"_links":{"self":[{"href":"https:\/\/dgospel.com.br\/portal\/index.php\/wp-json\/wp\/v2\/posts\/13016"}],"collection":[{"href":"https:\/\/dgospel.com.br\/portal\/index.php\/wp-json\/wp\/v2\/posts"}],"about":[{"href":"https:\/\/dgospel.com.br\/portal\/index.php\/wp-json\/wp\/v2\/types\/post"}],"author":[{"embeddable":true,"href":"https:\/\/dgospel.com.br\/portal\/index.php\/wp-json\/wp\/v2\/users\/2"}],"replies":[{"embeddable":true,"href":"https:\/\/dgospel.com.br\/portal\/index.php\/wp-json\/wp\/v2\/comments?post=13016"}],"version-history":[{"count":1,"href":"https:\/\/dgospel.com.br\/portal\/index.php\/wp-json\/wp\/v2\/posts\/13016\/revisions"}],"predecessor-version":[{"id":13018,"href":"https:\/\/dgospel.com.br\/portal\/index.php\/wp-json\/wp\/v2\/posts\/13016\/revisions\/13018"}],"wp:featuredmedia":[{"embeddable":true,"href":"https:\/\/dgospel.com.br\/portal\/index.php\/wp-json\/wp\/v2\/media\/13017"}],"wp:attachment":[{"href":"https:\/\/dgospel.com.br\/portal\/index.php\/wp-json\/wp\/v2\/media?parent=13016"}],"wp:term":[{"taxonomy":"category","embeddable":true,"href":"https:\/\/dgospel.com.br\/portal\/index.php\/wp-json\/wp\/v2\/categories?post=13016"},{"taxonomy":"post_tag","embeddable":true,"href":"https:\/\/dgospel.com.br\/portal\/index.php\/wp-json\/wp\/v2\/tags?post=13016"}],"curies":[{"name":"wp","href":"https:\/\/api.w.org\/{rel}","templated":true}]}}