{"id":13019,"date":"2022-10-21T10:43:40","date_gmt":"2022-10-21T13:43:40","guid":{"rendered":"http:\/\/dgospel.com.br\/portal\/?p=13019"},"modified":"2022-10-21T10:43:41","modified_gmt":"2022-10-21T13:43:41","slug":"governo-do-tocantins-comemora-avancos-em-projetos-do-turismo-e-da-cultura","status":"publish","type":"post","link":"https:\/\/dgospel.com.br\/portal\/index.php\/2022\/10\/21\/governo-do-tocantins-comemora-avancos-em-projetos-do-turismo-e-da-cultura\/","title":{"rendered":"Governo do Tocantins comemora avan\u00e7os em projetos do Turismo e da Cultura"},"content":{"rendered":"\n<p>Colocar o turismo em posi\u00e7\u00e3o de destaque como for\u00e7a econ\u00f4mica e elevar as a\u00e7\u00f5es culturais como pauta priorit\u00e1ria. Partindo destas orienta\u00e7\u00f5es, o Governo do Tocantins promoveu, nestes 365 dias de gest\u00e3o do Governador Wanderlei Barbosa, a\u00e7\u00f5es pontuais e projetos com impacto a m\u00e9dio e longo prazos que ser\u00e3o percebidos positivamente nos pr\u00f3ximos meses.<\/p>\n\n\n\n<p>Por meio da atua\u00e7\u00e3o da Secretaria de Cultura e Turismo (Sectur), os esfor\u00e7os para promover o desenvolvimento p\u00f3s pandemia da covid-19 resultaram em benef\u00edcios para as comunidades das regi\u00f5es tocantinenses, com a cria\u00e7\u00e3o de oportunidades de investimentos, gera\u00e7\u00e3o de emprego e renda, al\u00e9m da melhoria da qualidade de vida.<\/p>\n\n\n\n<p>No Turismo, investimentos na ordem de R$ 9,8 milh\u00f5es contemplaram projetos e programas com foco na retomada e desenvolvimento de novas atividades. Dentre estas a\u00e7\u00f5es est\u00e1 a sinaliza\u00e7\u00e3o tur\u00edstica dos atrativos das Serras Gerais, na regi\u00e3o Sudeste do Estado. A iniciativa proporcionou o acesso \u00e0 informa\u00e7\u00e3o e mais seguran\u00e7a \u00e0 comunidade em geral, aos empres\u00e1rios do setor e aos turistas.<\/p>\n\n\n\n<p>Por\u00e9m, o foco principal foi o planejamento, uma das bases para o desenvolvimento, bem como atividades de pesquisa, estudos e mobiliza\u00e7\u00e3o da comunidade que precisa estar preparada para receber os visitantes. \u201cA sociedade tocantinense precisa ser beneficiada em primeiro lugar\u201d, ressalta o secret\u00e1rio de Cultura e Turismo, Hercy Filho, ressaltando o compromisso do governador Wanderlei Barbosa com o bem-estar da popula\u00e7\u00e3o.<\/p>\n\n\n\n<p>Entre estas a\u00e7\u00f5es que servem de base para a implanta\u00e7\u00e3o de projetos pontuais est\u00e3o a atualiza\u00e7\u00e3o do Mapa do Turismo Brasileiro e o Invent\u00e1rio Tur\u00edstico dos munic\u00edpios das regi\u00f5es tur\u00edsticas Encantos do Jalap\u00e3o, Serras Gerais, Ilha do Bananal, Lagos e Praias do Cant\u00e3o, Serras e Lago, Vale dos Grandes Rios e Bico do Papagaio. O&nbsp; Minist\u00e9rio da Agricultura, Pecu\u00e1ria e Abastecimento&nbsp;(Mapa)&nbsp;&nbsp;&nbsp;\u00e9 um instrumento no \u00e2mbito do Programa de Regionaliza\u00e7\u00e3o do Turismo e define o recorte territorial a ser trabalhado prioritariamente pelo Minist\u00e9rio do Turismo, no \u00e2mbito do desenvolvimento das pol\u00edticas p\u00fablicas.<\/p>\n\n\n\n<p>Pesquisas de Perfil do Turista foram realizadas em oito munic\u00edpios durante o per\u00edodo de temporada de praias no Tocantins, enquanto a Pesquisa de Perfil e Fluxo Tur\u00edstico foi levada a 13 munic\u00edpios que comp\u00f5em as regi\u00f5es tur\u00edsticas do Jalap\u00e3o e das Serras Gerais. O resultado destes levantamentos servir\u00e1 de base para investimentos e melhorias para o setor.<\/p>\n\n\n\n<p>A qualifica\u00e7\u00e3o profissional \u00e9 outro segmento trabalhado pela Sectur, que levou o Programa de Capacita\u00e7\u00e3o Tocantins Recebe Bem para comunidades quilombolas, ind\u00edgenas e ribeirinhas, trade tur\u00edstico e Pol\u00edcia Militar. A Qualifica\u00e7\u00e3o Hospedagem Cama e Caf\u00e9, visando fomentar a gera\u00e7\u00e3o de renda por meio da hospedagem domiciliar, foi promovida em Peixe, Almas e Arraias, e um trabalho espec\u00edfico para fomentar o Etnoturismo nas comunidades ind\u00edgenas foi levado a Formoso do Araguaia e Lagoa da Confus\u00e3o, na Regi\u00e3o Tur\u00edstica da Ilha do Bananal.<\/p>\n\n\n\n<p>O resultado desta \u00faltima a\u00e7\u00e3o foi percebido e muito bem avaliado pelos participantes do Rally Sert\u00f5es 2022, que pela primeira vez em sua hist\u00f3ria percorreu a maior ilha fluvial do mundo, que possui um imenso potencial para o turismo ind\u00edgena e para a pesca esportiva.<\/p>\n\n\n\n<p><strong>Eventos<\/strong><\/p>\n\n\n\n<p>No campo da participa\u00e7\u00e3o e apoio a eventos, o Governo do Tocantins manteve a tradi\u00e7\u00e3o de receber o Rally Sert\u00f5es, que neste ano registrou passagens pela Ilha do Bananal, por Palmas e Mateiros, no Jalap\u00e3o, envolvendo diversas Pastas do Governo do Estado e parceiros institucionais.<\/p>\n\n\n\n<p>A Sectur tamb\u00e9m marcou presen\u00e7a em eventos regionais e nacionais, como a Feira de Tecnologia Agropecu\u00e1ria do Tocantins (Agrotins 2022), em Palmas, a 5\u00aa Feira Agrotecnol\u00f3gica da Regi\u00e3o Sudeste do Tocantins (Agrosudeste), em Almas, a 24\u00aa Feira de Neg\u00f3cios de Palmas (Fenepalmas), a Festa da Rapadura, no Povoado Mumbuca (Mateiros), o Festival Folcl\u00f3rico de Parintins (Amazonas), a feira Pesca Trade Show, em S\u00e3o Paulo, o 1\u00ba Encontro de Etnoturismo da Amaz\u00f4nia, no Acre, o Campeonato de Pesca Esportiva, em Palmas. Vale ressaltar a participa\u00e7\u00e3o na ABAV Expo, em Fortaleza, e no Festival de Turismo de Gramado (Festuris), em 2021.<\/p>\n\n\n\n<p>Neste ano, a parceria entre o Governo do Estado e a Associa\u00e7\u00e3o Brasileira das Ag\u00eancias de Viagens no Tocantins resultou em um trabalho de grande repercuss\u00e3o na 49\u00aa da ABAV Expo, realizada em Olinda (PE). O Estado se destacou com a maior caravana desta edi\u00e7\u00e3o, com 155 participantes, entre empres\u00e1rios, jornalistas e t\u00e9cnicos de institui\u00e7\u00f5es parceiras e da Sectur.<\/p>\n\n\n\n<p>Outra a\u00e7\u00e3o de grande relev\u00e2ncia, que resultar\u00e1 em impacto positivo para o desenvolvimento do turismo na regi\u00e3o central do Tocantins \u00e9 o estudo para o mapeamento do lago da Usina Hidrel\u00e9trica Lu\u00eds Eduardo, por meio da Planta Batim\u00e9trica do Lago, que vai subsidiar o ordenamento do lago na implanta\u00e7\u00e3o da sinaliza\u00e7\u00e3o tur\u00edstica n\u00e1utica em torno das cidades de Porto Nacional\/Luzimangues, Palmas e Lajeado, objetivando dar seguran\u00e7a para a realiza\u00e7\u00e3o de eventos n\u00e1uticos nacionais e internacionais. Um investimento que contou com a parceria da Marinha do Brasil.<\/p>\n\n\n\n<p><strong>Cultura resgatada<\/strong><\/p>\n\n\n\n<p>Relegado por muitos gestores, o setor cultural foi reconduzido a uma posi\u00e7\u00e3o de destaque pelo Governador Wanderley Barbosa. Com a gest\u00e3o do Fundo Estadual de Cultural sob a responsabilidade da Sectur, com delibera\u00e7\u00e3o sobre a destina\u00e7\u00e3o dos recursos pelo Conselho de Pol\u00edtica Cultural (CPC-TO), integrado por representantes da classe e poder p\u00fablico, foram aprovados nove projetos macro, que juntos somam R$ 16,2 milh\u00f5es em investimentos.<\/p>\n\n\n\n<p>\u201c\u00c9 a primeira vez que o Estado do Tocantins faz a destina\u00e7\u00e3o dos recursos do Fundo de Cultura para projetos aprovados pelos leg\u00edtimos representantes do setor\u201d, comemora o secret\u00e1rio Hercy Filho, ressaltando que o primeiro deles, o Edital Dona Mi\u00fada &#8211; Mestres, Mestras, Gri\u00f4s e Grupos da Cultura Tradicional e Popular do Tocantins premiou 27 representantes de manifesta\u00e7\u00f5es e iniciativas culturais, como est\u00edmulo \u00e0 preserva\u00e7\u00e3o de suas tradi\u00e7\u00f5es.<\/p>\n\n\n\n<p>Outros projetos est\u00e3o em andamento, como resultado de um ano de trabalho, com previs\u00e3o de in\u00edcio ainda neste ano: Avan\u00e7a Cultura \u2013 F\u00f3runs de Cultura, visando a estrutura\u00e7\u00e3o dos Sistemas Municipais de Cultura; Encontro das Rabecas e Violas de Buriti, que visa a preserva\u00e7\u00e3o e fomento ao uso deste instrumento tipicamente tocantinense; o Festival dos Festivais; Editais de Fomento e Circula\u00e7\u00e3o, para fomentar a produ\u00e7\u00e3o e circula\u00e7\u00e3o de arte; o projeto Sexta Cultural, que contar\u00e1 com apresenta\u00e7\u00f5es de diversos segmentos art\u00edsticos e de cultura popular tradicional ter\u00e1 in\u00edcio em novembro prev\u00ea a realiza\u00e7\u00e3o de 18 edi\u00e7\u00f5es em 13 cidades.<\/p>\n\n\n\n<p>No campo da recupera\u00e7\u00e3o de patrim\u00f4nios p\u00fablicos e arquitet\u00f4nicos-culturais do Estado, est\u00e3o em andamento os projetos de recupera\u00e7\u00e3o do Memorial Coluna Prestes; constru\u00e7\u00e3o de pavilh\u00e3o anexo ao Museu Palacinho, para abrigar o acervo museal e eventos culturais, e o projeto de recupera\u00e7\u00e3o de nove museus e pr\u00e9dios hist\u00f3ricos localizados em munic\u00edpios do interior do Tocantins, como Natividade, Arraias, Paran\u00e3, Dian\u00f3polis, entre outros.<\/p>\n\n\n\n<p><img src=\"https:\/\/central.to.gov.br\/image\/306284?w=670&amp;h=383\"><\/p>\n\n\n\n<p>Edital Dona Mi\u00fada premiou 27 representantes da cultura popular do Tocantins &#8211; Fl\u00e1vio Cavalera \/ Governo do Tocantins\u00a0<\/p>\n\n\n\n<p><img src=\"https:\/\/central.to.gov.br\/image\/306286?w=670&amp;h=383\"><\/p>\n\n\n\n<p>Estande do Tocantins foi um dos destaques da Abav EXPO, maior evento de turismo da Am\u00e9rica Latina \u2013 Cr\u00e9ditos &#8211; Seleucia Fontes \/ Governo do Tocantins\u00a0<\/p>\n\n\n\n<p><img src=\"https:\/\/central.to.gov.br\/image\/306287?w=670&amp;h=383\"><\/p>\n\n\n\n<p>As etapas come\u00e7aram no dia 27 de agosto, em Foz do Igua\u00e7u (PR). Palmas foi \u00fanico local de parada obrigat\u00f3ria para descanso &#8211; Imprensa Sert\u00f5es\u00a0<\/p>\n","protected":false},"excerpt":{"rendered":"<p>Colocar o turismo em posi\u00e7\u00e3o de destaque como for\u00e7a econ\u00f4mica e elevar as a\u00e7\u00f5es culturais como pauta priorit\u00e1ria. Partindo destas orienta\u00e7\u00f5es, o Governo do Tocantins promoveu, nestes 365 dias de gest\u00e3o do Governador Wanderlei Barbosa, a\u00e7\u00f5es pontuais e projetos com impacto a m\u00e9dio e longo prazos que ser\u00e3o percebidos positivamente nos pr\u00f3ximos meses. Por meio [&hellip;]<\/p>\n","protected":false},"author":2,"featured_media":13020,"comment_status":"open","ping_status":"open","sticky":false,"template":"","format":"standard","meta":[],"categories":[3],"tags":[13],"_links":{"self":[{"href":"https:\/\/dgospel.com.br\/portal\/index.php\/wp-json\/wp\/v2\/posts\/13019"}],"collection":[{"href":"https:\/\/dgospel.com.br\/portal\/index.php\/wp-json\/wp\/v2\/posts"}],"about":[{"href":"https:\/\/dgospel.com.br\/portal\/index.php\/wp-json\/wp\/v2\/types\/post"}],"author":[{"embeddable":true,"href":"https:\/\/dgospel.com.br\/portal\/index.php\/wp-json\/wp\/v2\/users\/2"}],"replies":[{"embeddable":true,"href":"https:\/\/dgospel.com.br\/portal\/index.php\/wp-json\/wp\/v2\/comments?post=13019"}],"version-history":[{"count":1,"href":"https:\/\/dgospel.com.br\/portal\/index.php\/wp-json\/wp\/v2\/posts\/13019\/revisions"}],"predecessor-version":[{"id":13021,"href":"https:\/\/dgospel.com.br\/portal\/index.php\/wp-json\/wp\/v2\/posts\/13019\/revisions\/13021"}],"wp:featuredmedia":[{"embeddable":true,"href":"https:\/\/dgospel.com.br\/portal\/index.php\/wp-json\/wp\/v2\/media\/13020"}],"wp:attachment":[{"href":"https:\/\/dgospel.com.br\/portal\/index.php\/wp-json\/wp\/v2\/media?parent=13019"}],"wp:term":[{"taxonomy":"category","embeddable":true,"href":"https:\/\/dgospel.com.br\/portal\/index.php\/wp-json\/wp\/v2\/categories?post=13019"},{"taxonomy":"post_tag","embeddable":true,"href":"https:\/\/dgospel.com.br\/portal\/index.php\/wp-json\/wp\/v2\/tags?post=13019"}],"curies":[{"name":"wp","href":"https:\/\/api.w.org\/{rel}","templated":true}]}}