{"id":1302,"date":"2018-09-12T18:54:13","date_gmt":"2018-09-12T21:54:13","guid":{"rendered":"http:\/\/dgospel.com.br\/portal\/?p=1302"},"modified":"2018-09-12T18:54:13","modified_gmt":"2018-09-12T21:54:13","slug":"em-palmas-carlesse-conclama-populacao-a-finalizar-eleicao-no-primeiro-turno","status":"publish","type":"post","link":"https:\/\/dgospel.com.br\/portal\/index.php\/2018\/09\/12\/em-palmas-carlesse-conclama-populacao-a-finalizar-eleicao-no-primeiro-turno\/","title":{"rendered":"Em Palmas, Carlesse conclama popula\u00e7\u00e3o a finalizar elei\u00e7\u00e3o no primeiro turno"},"content":{"rendered":"<div>O Governador e candidato \u00e0 reelei\u00e7\u00e3o Mauro Carlesse (PHS) disse durante o lan\u00e7amento da candidatura do deputado Cleiton Cardoso, realizado na quadra 1.203 Sul, em Palmas, nesta ter\u00e7a-feira, 11, que a elei\u00e7\u00e3o de 7 de outubro ser\u00e1 semelhante \u00e0 suplementar realizada nos meses de maio e junho no estado. &#8220;A \u00fanica diferen\u00e7a \u00e9 que os tocantinenses est\u00e3o cansados de tantas elei\u00e7\u00f5es, e por isso, desta vez, devem evitar o segundo turno&#8221;, disse.<\/div>\n<div><\/div>\n<div>Ap\u00f3s defender suas propostas para o estado pelos pr\u00f3ximos quatro anos, Carlesse pediu aos palmenses que encampem essa ideia, isto \u00e9, que o elejam no primeiro turno, como est\u00e3o fazendo l\u00edderes pol\u00edticos de outras regi\u00f5es, a exemplo do Bico do Papagaio.<\/div>\n<div><\/div>\n<div>&#8220;Tenho dito que nem o povo nem o estado aguentam mais tanta elei\u00e7\u00e3o. Se tivermos segundo turno ser\u00e3o quatro este ano. O Estado n\u00e3o aguenta, pois muitas a\u00e7\u00f5es que dever\u00edamos estar realizando est\u00e3o paradas por causa do per\u00edodo eleitoral&#8221;, disse, referindo-se a pedidos de empr\u00e9stimos junto a institui\u00e7\u00f5es banc\u00e1rias, para obras estruturantes, concess\u00e3o de progress\u00f5es a servidores p\u00fablicos, entre outros.<\/div>\n<div><\/div>\n<div>J\u00e1 os candidatos ao Senado pela coliga\u00e7\u00e3o Governo de Atitude, Cesar Halum (PRB) e Eduardo Gomes (SD), lembraram que Carlesse ser\u00e1 eleito &#8211; de prefer\u00eancia no primeiro turno &#8211; n\u00e3o apenas porque as pessoas est\u00e3o cansadas de tantos pleitos eleitorais, mas porque ele representa o novo, sem fazer disso um mote de campanha.<\/div>\n<div><b>\u00a0<\/b><\/div>\n<div>\n<div><b>Participantes<\/b><\/div>\n<div><\/div>\n<div>Al\u00e9m dos l\u00edderes pol\u00edticos j\u00e1 citados, a reuni\u00e3o pol\u00edtica reuniu prefeitos, vereadores, ex-prefeitos, ex-vereadores e lideran\u00e7as pol\u00edticas de diversos munic\u00edpios da regi\u00e3o central do Estado, como Divin\u00f3polis, Alian\u00e7a, Santa Tereza, entre outros.<\/div>\n<\/div>\n","protected":false},"excerpt":{"rendered":"<p>O Governador e candidato \u00e0 reelei\u00e7\u00e3o Mauro Carlesse (PHS) disse durante o lan\u00e7amento da candidatura do deputado Cleiton Cardoso, realizado na quadra 1.203 Sul, em Palmas, nesta ter\u00e7a-feira, 11, que a elei\u00e7\u00e3o de 7 de outubro ser\u00e1 semelhante \u00e0 suplementar realizada nos meses de maio e junho no estado. &#8220;A \u00fanica diferen\u00e7a \u00e9 que os [&hellip;]<\/p>\n","protected":false},"author":2,"featured_media":1303,"comment_status":"open","ping_status":"open","sticky":false,"template":"","format":"standard","meta":[],"categories":[2,4],"tags":[],"_links":{"self":[{"href":"https:\/\/dgospel.com.br\/portal\/index.php\/wp-json\/wp\/v2\/posts\/1302"}],"collection":[{"href":"https:\/\/dgospel.com.br\/portal\/index.php\/wp-json\/wp\/v2\/posts"}],"about":[{"href":"https:\/\/dgospel.com.br\/portal\/index.php\/wp-json\/wp\/v2\/types\/post"}],"author":[{"embeddable":true,"href":"https:\/\/dgospel.com.br\/portal\/index.php\/wp-json\/wp\/v2\/users\/2"}],"replies":[{"embeddable":true,"href":"https:\/\/dgospel.com.br\/portal\/index.php\/wp-json\/wp\/v2\/comments?post=1302"}],"version-history":[{"count":1,"href":"https:\/\/dgospel.com.br\/portal\/index.php\/wp-json\/wp\/v2\/posts\/1302\/revisions"}],"predecessor-version":[{"id":1304,"href":"https:\/\/dgospel.com.br\/portal\/index.php\/wp-json\/wp\/v2\/posts\/1302\/revisions\/1304"}],"wp:featuredmedia":[{"embeddable":true,"href":"https:\/\/dgospel.com.br\/portal\/index.php\/wp-json\/wp\/v2\/media\/1303"}],"wp:attachment":[{"href":"https:\/\/dgospel.com.br\/portal\/index.php\/wp-json\/wp\/v2\/media?parent=1302"}],"wp:term":[{"taxonomy":"category","embeddable":true,"href":"https:\/\/dgospel.com.br\/portal\/index.php\/wp-json\/wp\/v2\/categories?post=1302"},{"taxonomy":"post_tag","embeddable":true,"href":"https:\/\/dgospel.com.br\/portal\/index.php\/wp-json\/wp\/v2\/tags?post=1302"}],"curies":[{"name":"wp","href":"https:\/\/api.w.org\/{rel}","templated":true}]}}