{"id":13028,"date":"2022-10-21T13:02:46","date_gmt":"2022-10-21T16:02:46","guid":{"rendered":"http:\/\/dgospel.com.br\/portal\/?p=13028"},"modified":"2022-10-21T13:02:48","modified_gmt":"2022-10-21T16:02:48","slug":"pastores-reagem-a-carta-de-lula-aos-evangelicos-acham-que-somos-tolos","status":"publish","type":"post","link":"https:\/\/dgospel.com.br\/portal\/index.php\/2022\/10\/21\/pastores-reagem-a-carta-de-lula-aos-evangelicos-acham-que-somos-tolos\/","title":{"rendered":"Pastores reagem \u00e0 carta de Lula aos evang\u00e9licos: \u201cAcham que somos tolos\u201d"},"content":{"rendered":"\n<p>A campanha eleitoral do ex-presidente Luiz In\u00e1cio Lula da Silva (PT) divulgou, na quarta-feira (19), uma&nbsp;<a href=\"https:\/\/noticias.gospelmais.com.br\/carta-de-lula-evangelicos-petistas-votos-cristaos-154682.html\">carta endere\u00e7ada aos evang\u00e9licos<\/a>. N\u00e3o demorou muito para que pastores de grande influ\u00eancia no cen\u00e1rio nacional viessem a p\u00fablico para criticar o documento e alertar os crist\u00e3os.<\/p>\n\n\n\n<p>No documento intitulado&nbsp;<em>\u201c<\/em>Carta P\u00fablica ao Povo Evang\u00e9lico\u201d, assinado por Lula, o petista faz uma s\u00e9rie de alega\u00e7\u00f5es incomuns para quem j\u00e1 declarou apoio a pautas como a libera\u00e7\u00e3o do aborto como um direito de sa\u00fade, entre outras sens\u00edveis para os crist\u00e3os.<\/p>\n\n\n\n<p>\u201cO nosso Povo sabe tamb\u00e9m que cuidei, com especial carinho, dos mais pobres e injusti\u00e7ados e assim, sob as B\u00ean\u00e7\u00e3os de Deus, meu governo contribuiu para melhorar a vida de milh\u00f5es de fam\u00edlias brasileiras. Sempre penso, neste sentido, no trecho b\u00edblico que diz: \u2018a verdadeira religi\u00e3o \u00e9 cuidar dos \u00f3rf\u00e3os e das vi\u00favas em suas dificuldades\u2026&#8217;\u201d, diz um trecho da carta.<\/p>\n\n\n\n<p>Pastores reagem<\/p>\n\n\n\n<p>Os pastores Silas Malafaia e Marco Feliciano gravaram v\u00eddeos para rebater a carta de Lula aos evang\u00e9licos. Os l\u00edderes da Igreja Assembleia de Deus afirmaram que o documento cont\u00e9m mentiras, cujo objetivo seria seduzir o apoio das igrejas.<\/p>\n\n\n\n<p>Malafaia, por exemplo, lembrou que, diferentemente do que sugere a carta, Lua j\u00e1 declarou este ano que \u201cessa pauta da fam\u00edlia, pauta dos valores, \u00e9 uma coisa muito atrasada\u201d, mesma ocasi\u00e3o em que tratou o aborto como uma quest\u00e3o p\u00fablica.<\/p>\n\n\n\n<p>O aborto, segundo fala do petista dita em 5 de abril desse ano, \u201cdeveria ser transformado em uma quest\u00e3o de sa\u00fade p\u00fablica, e todo mundo ter direito e n\u00e3o ter vergonha.\u201d<\/p>\n\n\n\n<p>Para Feliciano, a carta de Lula aos evang\u00e9licos n\u00e3o passa de um engodo com finalidade eleitoral. \u201cAcham que somos tolos\u201d, disse o pastor e deputado federal reeleito por S\u00e3o Paulo. Chegando ao fim da carta, o petista tamb\u00e9m destaca:<\/p>\n\n\n\n<p>\u201cEm meio a este triste esc\u00e2ndalo do uso da F\u00e9 para fins eleitorais, assumo com voc\u00eas este compromisso: meu Governo jamais vai usar s\u00edmbolos de sua F\u00e9 para fins pol\u00edtico-partid\u00e1rios, respeitando as leis e as tradi\u00e7\u00f5es que separam o Estado da Igreja, para que n\u00e3o haja interfer\u00eancia pol\u00edtica na pr\u00e1tica da F\u00e9.\u201d\u00a0<a href=\"https:\/\/www.youtube.com\/watch?v=5jpY4zVCEQw&amp;feature=youtu.be\">Assista<\/a>, abaixo:<\/p>\n\n\n\n<figure class=\"wp-block-embed is-type-video is-provider-youtube wp-block-embed-youtube wp-embed-aspect-16-9 wp-has-aspect-ratio\"><div class=\"wp-block-embed__wrapper\">\n<iframe loading=\"lazy\" title=\"Lula mente em carta aos evang\u00e9licos\" width=\"630\" height=\"354\" src=\"https:\/\/www.youtube.com\/embed\/5jpY4zVCEQw?feature=oembed\" frameborder=\"0\" allow=\"accelerometer; autoplay; clipboard-write; encrypted-media; gyroscope; picture-in-picture\" allowfullscreen><\/iframe>\n<\/div><\/figure>\n","protected":false},"excerpt":{"rendered":"<p>A campanha eleitoral do ex-presidente Luiz In\u00e1cio Lula da Silva (PT) divulgou, na quarta-feira (19), uma&nbsp;carta endere\u00e7ada aos evang\u00e9licos. N\u00e3o demorou muito para que pastores de grande influ\u00eancia no cen\u00e1rio nacional viessem a p\u00fablico para criticar o documento e alertar os crist\u00e3os. No documento intitulado&nbsp;\u201cCarta P\u00fablica ao Povo Evang\u00e9lico\u201d, assinado por Lula, o petista faz [&hellip;]<\/p>\n","protected":false},"author":2,"featured_media":13029,"comment_status":"open","ping_status":"open","sticky":false,"template":"","format":"standard","meta":[],"categories":[5],"tags":[],"_links":{"self":[{"href":"https:\/\/dgospel.com.br\/portal\/index.php\/wp-json\/wp\/v2\/posts\/13028"}],"collection":[{"href":"https:\/\/dgospel.com.br\/portal\/index.php\/wp-json\/wp\/v2\/posts"}],"about":[{"href":"https:\/\/dgospel.com.br\/portal\/index.php\/wp-json\/wp\/v2\/types\/post"}],"author":[{"embeddable":true,"href":"https:\/\/dgospel.com.br\/portal\/index.php\/wp-json\/wp\/v2\/users\/2"}],"replies":[{"embeddable":true,"href":"https:\/\/dgospel.com.br\/portal\/index.php\/wp-json\/wp\/v2\/comments?post=13028"}],"version-history":[{"count":1,"href":"https:\/\/dgospel.com.br\/portal\/index.php\/wp-json\/wp\/v2\/posts\/13028\/revisions"}],"predecessor-version":[{"id":13030,"href":"https:\/\/dgospel.com.br\/portal\/index.php\/wp-json\/wp\/v2\/posts\/13028\/revisions\/13030"}],"wp:featuredmedia":[{"embeddable":true,"href":"https:\/\/dgospel.com.br\/portal\/index.php\/wp-json\/wp\/v2\/media\/13029"}],"wp:attachment":[{"href":"https:\/\/dgospel.com.br\/portal\/index.php\/wp-json\/wp\/v2\/media?parent=13028"}],"wp:term":[{"taxonomy":"category","embeddable":true,"href":"https:\/\/dgospel.com.br\/portal\/index.php\/wp-json\/wp\/v2\/categories?post=13028"},{"taxonomy":"post_tag","embeddable":true,"href":"https:\/\/dgospel.com.br\/portal\/index.php\/wp-json\/wp\/v2\/tags?post=13028"}],"curies":[{"name":"wp","href":"https:\/\/api.w.org\/{rel}","templated":true}]}}