{"id":13031,"date":"2022-10-21T13:10:27","date_gmt":"2022-10-21T16:10:27","guid":{"rendered":"http:\/\/dgospel.com.br\/portal\/?p=13031"},"modified":"2022-10-21T13:10:29","modified_gmt":"2022-10-21T16:10:29","slug":"jair-bolsonaro-recebe-apoio-de-lutadores-em-sao-paulo","status":"publish","type":"post","link":"https:\/\/dgospel.com.br\/portal\/index.php\/2022\/10\/21\/jair-bolsonaro-recebe-apoio-de-lutadores-em-sao-paulo\/","title":{"rendered":"Jair Bolsonaro recebe apoio de lutadores em S\u00e3o Paulo"},"content":{"rendered":"\n<p>Em mais uma agenda em S\u00e3o Paulo, nesta sexta-feira (21), o presidente Jair Bolsonaro (PL) participou de um encontro com lutadores famosos de artes marciais, ao lado do candidato ao governo do estado Tarc\u00edsio de Freitas (Republicanos). Os atletas reiteraram apoio \u00e0 reelei\u00e7\u00e3o do chefe do Executivo.<\/p>\n\n\n\n<p>Em endosso ao discurso religioso, Bolsonaro disse que \u201ctudo que for poss\u00edvel para voc\u00ea fazer, voc\u00ea fa\u00e7a. O que n\u00e3o for, entregue nas m\u00e3os de Deus\u201d, seja por ora\u00e7\u00e3o ou jejum. Sem mencionar o ex-presidente Luiz In\u00e1cio Lula da Silva (PT), Bolsonaro declarou que \u201cqualquer coisa na vida, se colocar o cara errado, vai ter problema\u201d.<\/p>\n\n\n\n<p>\u2013 A vantagem \u00e9 que eu tenho certeza que tem a m\u00e3o de Deus no Brasil \u2013 emendou.<\/p>\n\n\n\n<p>Ao lado de Tarc\u00edsio, o presidente ainda citou a pandemia da Covid-19 e mencionou o candidato do PT ao governo paulista, Fernando Haddad, com quem disputou o segundo turno das elei\u00e7\u00f5es de 2018.<\/p>\n\n\n\n<p>\u2013 Imagina com o Haddad no Brasil durante a pandemia \u2013 disse.<\/p>\n\n\n\n<p>Ao relembrar momentos da hist\u00f3ria que \u201cmudaram o destino do Brasil\u201d, Bolsonaro citou o ano da revolta tenentista (1922), o regime militar (1964) e o impeachment da ex-presidente Dilma Rousseff (2016).<\/p>\n\n\n\n<p>Lutadores como Minotauro, Jos\u00e9 Aldo, Maur\u00edcio Shogun e Fabr\u00edcio Werdum Cyborg marcaram presen\u00e7a no encontro. A deputada federal reeleita Carla Zambelli (PL) e o secret\u00e1rio executivo do Minist\u00e9rio das Comunica\u00e7\u00f5es, Fabio Wajngarten, tamb\u00e9m participaram do evento.<\/p>\n\n\n\n<p>Na ocasi\u00e3o, Bolsonaro recebeu um cintur\u00e3o e um par de luvas com a letra \u201cB\u201d estampada. Enquanto assinavam uma camisa do Brasil, o presidente questionou: \u201cQuem quer picanha a\u00ed?\u201d, em provoca\u00e7\u00e3o a Lula, que frequentemente promete, se eleito, retomar o \u201cchurrasquinho\u201d dos finais de semana.<\/p>\n\n\n\n<p>A imprensa n\u00e3o teve acesso ao evento, que foi transmitido nas redes sociais. Ao sair do encontro, o presidente e os lutadores desfilaram em frente aos apoiadores, que ecoaram \u201cLula, ladr\u00e3o, seu lugar \u00e9 na pris\u00e3o\u201d. Os atletas refor\u00e7aram o lema: \u201cQuem luta de verdade, vota 22\u201d.<\/p>\n\n\n\n<p><blockquote class=\"twitter-tweet\" data-width=\"550\" data-dnt=\"true\"><p lang=\"pt\" dir=\"ltr\">Quem luta de verdade vota 22!<br>Pr Bolsonaro recebe apoio de time de lutadores de alto n\u00edvel que defendem a bandeira do Brasil pelo mundo. <a href=\"https:\/\/twitter.com\/hashtag\/Bolsonaro22?src=hash&amp;ref_src=twsrc%5Etfw\">#Bolsonaro22<\/a>. \ud83c\udde7\ud83c\uddf7 <a href=\"https:\/\/t.co\/RDHDIbnhLd\">pic.twitter.com\/RDHDIbnhLd<\/a><\/p>&mdash; F\u00e1bio Faria \ud83c\udde7\ud83c\uddf7\ud83c\udde7\ud83c\uddf7\ud83c\udde7\ud83c\uddf7 (@fabiofaria) <a href=\"https:\/\/twitter.com\/fabiofaria\/status\/1583439592287764481?ref_src=twsrc%5Etfw\">October 21, 2022<\/a><\/blockquote><script async src=\"https:\/\/platform.twitter.com\/widgets.js\" charset=\"utf-8\"><\/script><\/p>\n","protected":false},"excerpt":{"rendered":"<p>Em mais uma agenda em S\u00e3o Paulo, nesta sexta-feira (21), o presidente Jair Bolsonaro (PL) participou de um encontro com lutadores famosos de artes marciais, ao lado do candidato ao governo do estado Tarc\u00edsio de Freitas (Republicanos). Os atletas reiteraram apoio \u00e0 reelei\u00e7\u00e3o do chefe do Executivo. Em endosso ao discurso religioso, Bolsonaro disse que [&hellip;]<\/p>\n","protected":false},"author":2,"featured_media":13032,"comment_status":"open","ping_status":"open","sticky":false,"template":"","format":"standard","meta":[],"categories":[4],"tags":[],"_links":{"self":[{"href":"https:\/\/dgospel.com.br\/portal\/index.php\/wp-json\/wp\/v2\/posts\/13031"}],"collection":[{"href":"https:\/\/dgospel.com.br\/portal\/index.php\/wp-json\/wp\/v2\/posts"}],"about":[{"href":"https:\/\/dgospel.com.br\/portal\/index.php\/wp-json\/wp\/v2\/types\/post"}],"author":[{"embeddable":true,"href":"https:\/\/dgospel.com.br\/portal\/index.php\/wp-json\/wp\/v2\/users\/2"}],"replies":[{"embeddable":true,"href":"https:\/\/dgospel.com.br\/portal\/index.php\/wp-json\/wp\/v2\/comments?post=13031"}],"version-history":[{"count":1,"href":"https:\/\/dgospel.com.br\/portal\/index.php\/wp-json\/wp\/v2\/posts\/13031\/revisions"}],"predecessor-version":[{"id":13033,"href":"https:\/\/dgospel.com.br\/portal\/index.php\/wp-json\/wp\/v2\/posts\/13031\/revisions\/13033"}],"wp:featuredmedia":[{"embeddable":true,"href":"https:\/\/dgospel.com.br\/portal\/index.php\/wp-json\/wp\/v2\/media\/13032"}],"wp:attachment":[{"href":"https:\/\/dgospel.com.br\/portal\/index.php\/wp-json\/wp\/v2\/media?parent=13031"}],"wp:term":[{"taxonomy":"category","embeddable":true,"href":"https:\/\/dgospel.com.br\/portal\/index.php\/wp-json\/wp\/v2\/categories?post=13031"},{"taxonomy":"post_tag","embeddable":true,"href":"https:\/\/dgospel.com.br\/portal\/index.php\/wp-json\/wp\/v2\/tags?post=13031"}],"curies":[{"name":"wp","href":"https:\/\/api.w.org\/{rel}","templated":true}]}}