{"id":13034,"date":"2022-10-21T17:48:24","date_gmt":"2022-10-21T20:48:24","guid":{"rendered":"http:\/\/dgospel.com.br\/portal\/?p=13034"},"modified":"2022-10-21T17:48:25","modified_gmt":"2022-10-21T20:48:25","slug":"em-2016-moraes-afirmou-que-o-governo-do-pt-roubava-bilhoes","status":"publish","type":"post","link":"https:\/\/dgospel.com.br\/portal\/index.php\/2022\/10\/21\/em-2016-moraes-afirmou-que-o-governo-do-pt-roubava-bilhoes\/","title":{"rendered":"Em 2016, Moraes afirmou que o governo do PT \u201croubava bilh\u00f5es\u201d"},"content":{"rendered":"\n<p>Uma declara\u00e7\u00e3o feita em 2016 pelo atual presidente do Tribunal Superior Eleitoral (TSE),&nbsp;<a href=\"http:\/\/pleno.news\/tag\/alexandre-de-moraes\" target=\"_blank\" rel=\"noreferrer noopener\">Alexandre de Moraes<\/a>, repercutiu nas redes sociais nesta sexta-feira (21). Na \u00e9poca, o ent\u00e3o ministro da Justi\u00e7a chamou o governo do PT de \u201ccorrupto\u201d e disse que a gest\u00e3o petista \u201croubava bilh\u00f5es\u201d.<\/p>\n\n\n\n<p>A declara\u00e7\u00e3o, feita em uma palestra a alunos de uma faculdade em S\u00e3o Paulo, foi proferida ap\u00f3s Moraes ser questionado por um estudante, de forma ir\u00f4nica, sobre como pretendia lidar com manifestantes, classificados como \u201ccomunistas e baderneiros\u201d e que tinham \u201cum ideal diferente do governo golpista\u201d. O hoje ministro do TSE e STF disparou v\u00e1rias cr\u00edticas aos governos petistas.<\/p>\n\n\n\n<p>\u2013 Em rela\u00e7\u00e3o \u00e0 \u00faltima quest\u00e3o, do nosso simpatizante aqui do governo corrupto, que foi colocado para fora do Brasil pela corrup\u00e7\u00e3o, pela falta de vergonha na cara, de quem roubava bilh\u00f5es e bilh\u00f5es. Se ao inv\u00e9s de roubar bilh\u00f5es tivesse investido na seguran\u00e7a, se ao inv\u00e9s de desviar dinheiro para construir porto em Cuba tivessem investido em pres\u00eddio, estar\u00edamos muito melhor \u2013 disse.<\/p>\n\n\n\n<figure class=\"wp-block-embed is-type-video is-provider-youtube wp-block-embed-youtube wp-embed-aspect-16-9 wp-has-aspect-ratio\"><div class=\"wp-block-embed__wrapper\">\n<iframe loading=\"lazy\" title=\"Video_Alexandre.mp4\" width=\"630\" height=\"354\" src=\"https:\/\/www.youtube.com\/embed\/xSVtvZTiVRg?start=1&#038;feature=oembed\" frameborder=\"0\" allow=\"accelerometer; autoplay; clipboard-write; encrypted-media; gyroscope; picture-in-picture\" allowfullscreen><\/iframe>\n<\/div><\/figure>\n\n\n\n<p>No ano seguinte ao da fala em quest\u00e3o, Moraes foi indicado pelo ex-presidente Michel Temer (MDB) para assumir o posto deixado pelo ministro Teori Zavascki (que morreu em um acidente a\u00e9reo em janeiro de 2017) no Supremo Tribunal Federal. Em mar\u00e7o de 2017, o hoje presidente do TSE tomou posse do cargo na Suprema Corte.<\/p>\n","protected":false},"excerpt":{"rendered":"<p>Uma declara\u00e7\u00e3o feita em 2016 pelo atual presidente do Tribunal Superior Eleitoral (TSE),&nbsp;Alexandre de Moraes, repercutiu nas redes sociais nesta sexta-feira (21). Na \u00e9poca, o ent\u00e3o ministro da Justi\u00e7a chamou o governo do PT de \u201ccorrupto\u201d e disse que a gest\u00e3o petista \u201croubava bilh\u00f5es\u201d. A declara\u00e7\u00e3o, feita em uma palestra a alunos de uma faculdade [&hellip;]<\/p>\n","protected":false},"author":2,"featured_media":13035,"comment_status":"open","ping_status":"open","sticky":false,"template":"","format":"standard","meta":[],"categories":[10],"tags":[],"_links":{"self":[{"href":"https:\/\/dgospel.com.br\/portal\/index.php\/wp-json\/wp\/v2\/posts\/13034"}],"collection":[{"href":"https:\/\/dgospel.com.br\/portal\/index.php\/wp-json\/wp\/v2\/posts"}],"about":[{"href":"https:\/\/dgospel.com.br\/portal\/index.php\/wp-json\/wp\/v2\/types\/post"}],"author":[{"embeddable":true,"href":"https:\/\/dgospel.com.br\/portal\/index.php\/wp-json\/wp\/v2\/users\/2"}],"replies":[{"embeddable":true,"href":"https:\/\/dgospel.com.br\/portal\/index.php\/wp-json\/wp\/v2\/comments?post=13034"}],"version-history":[{"count":1,"href":"https:\/\/dgospel.com.br\/portal\/index.php\/wp-json\/wp\/v2\/posts\/13034\/revisions"}],"predecessor-version":[{"id":13036,"href":"https:\/\/dgospel.com.br\/portal\/index.php\/wp-json\/wp\/v2\/posts\/13034\/revisions\/13036"}],"wp:featuredmedia":[{"embeddable":true,"href":"https:\/\/dgospel.com.br\/portal\/index.php\/wp-json\/wp\/v2\/media\/13035"}],"wp:attachment":[{"href":"https:\/\/dgospel.com.br\/portal\/index.php\/wp-json\/wp\/v2\/media?parent=13034"}],"wp:term":[{"taxonomy":"category","embeddable":true,"href":"https:\/\/dgospel.com.br\/portal\/index.php\/wp-json\/wp\/v2\/categories?post=13034"},{"taxonomy":"post_tag","embeddable":true,"href":"https:\/\/dgospel.com.br\/portal\/index.php\/wp-json\/wp\/v2\/tags?post=13034"}],"curies":[{"name":"wp","href":"https:\/\/api.w.org\/{rel}","templated":true}]}}