{"id":13040,"date":"2022-10-21T18:41:04","date_gmt":"2022-10-21T21:41:04","guid":{"rendered":"http:\/\/dgospel.com.br\/portal\/?p=13040"},"modified":"2022-10-21T18:41:05","modified_gmt":"2022-10-21T21:41:05","slug":"pt-tera-que-remover-propaganda-que-liga-governo-a-aumento-de-violencia-contra-a-mulher","status":"publish","type":"post","link":"https:\/\/dgospel.com.br\/portal\/index.php\/2022\/10\/21\/pt-tera-que-remover-propaganda-que-liga-governo-a-aumento-de-violencia-contra-a-mulher\/","title":{"rendered":"PT ter\u00e1 que remover propaganda que liga governo a aumento de viol\u00eancia contra a mulher"},"content":{"rendered":"\n<p>O\u00a0<a rel=\"noreferrer noopener\" href=\"https:\/\/noticias.r7.com\/eleicoes-2022\/tse-aprova-remocao-de-noticias-falsas-da-internet-em-ate-duas-horas-20102022\" target=\"_blank\">TSE (Tribunal Superior Eleitoral)<\/a>\u00a0acatou um pedido da coliga\u00e7\u00e3o do\u00a0<a rel=\"noreferrer noopener\" href=\"https:\/\/noticias.r7.com\/eleicoes-2022\/bolsonaro-promete-aumentar-salario-minimo-acima-da-inflacao-em-2023-21102022\" target=\"_blank\">presidente Jair Bolsonaro<\/a>\u00a0(PL) e mandou o PT excluir uma propaganda eleitoral que atribui ao atual governo o aumento de casos de viol\u00eancia contra a mulher. A decis\u00e3o \u00e9 da\u00a0<a rel=\"noreferrer noopener\" href=\"https:\/\/noticias.r7.com\/eleicoes-2022\/nao-se-pode-permitir-a-volta-de-censura-diz-carmen-lucia-ao-comentar-decisoes-do-tse-20102022\" target=\"_blank\">ministra C\u00e1rmen L\u00facia<\/a>\u00a0e d\u00e1 24 horas para que o conte\u00fado seja retirado do YouTube.\u00a0<\/p>\n\n\n\n<p>Na propaganda, o\u00a0<a rel=\"noreferrer noopener\" href=\"https:\/\/noticias.r7.com\/eleicoes-2022\/lula-informa-que-nao-participara-de-debate-com-bolsonaro-na-record-tv-20102022\" target=\"_blank\">PT<\/a>\u00a0exibe manchetes de jornais e colunas opinativas para sustentar que \u00e9 necess\u00e1rio mais investimento na \u00e1rea a fim de combater a viol\u00eancia contra a mulher. E\u00a0liga Bolsonaro ao aumento dos casos de viol\u00eancia de g\u00eanero e estupro.\u00a0<\/p>\n\n\n\n<p>Na avalia\u00e7\u00e3o da ministra, o v\u00eddeo &#8220;tece cr\u00edticas desabonadoras ao atual presidente da Rep\u00fablica, candidato \u00e0 reelei\u00e7\u00e3o&#8221;, o que configura conte\u00fado negativo. No entanto, por defini\u00e7\u00e3o legal, o meio pode apenas ser usado para &#8220;promover ou beneficiar candidatos e suas agremia\u00e7\u00f5es&#8221;.\u00a0<\/p>\n\n\n\n<p><br>O v\u00eddeo publicado no Youtube, por meio de impulsionamento, veicula conte\u00fado negativo, divulgando mensagem que, independentemente de sua veracidade ou n\u00e3o, certamente n\u00e3o \u00e9 ben\u00e9fica ao candidato \u00e0 reelei\u00e7\u00e3o.<\/p>\n\n\n\n<p>C\u00c1RMEN L\u00daCIA, MINISTRA DO TSE<\/p>\n\n\n\n<p>Na a\u00e7\u00e3o,&nbsp;a Coliga\u00e7\u00e3o pelo Bem do Brasil alega que &#8220;a reprov\u00e1vel pe\u00e7a impulsionada ofende a honra e a imagem do representante com trechos como &#8216;Viol\u00eancia contra mulher aumenta no Brasil por descaso do governo&#8217;, promovendo graves ataques \u00e0 candidatura advers\u00e1ria&#8221;.&nbsp;<\/p>\n\n\n\n<p>A decis\u00e3o do TSE tem car\u00e1ter liminar e pode ser revertida pelo plen\u00e1rio da Corte. O PT tem dois dias para apresentar defesa, e o&nbsp;MPE (Minist\u00e9rio P\u00fablico Eleitoral) tamb\u00e9m foi intimado a se manifestar em um dia.&nbsp;<\/p>\n","protected":false},"excerpt":{"rendered":"<p>O\u00a0TSE (Tribunal Superior Eleitoral)\u00a0acatou um pedido da coliga\u00e7\u00e3o do\u00a0presidente Jair Bolsonaro\u00a0(PL) e mandou o PT excluir uma propaganda eleitoral que atribui ao atual governo o aumento de casos de viol\u00eancia contra a mulher. A decis\u00e3o \u00e9 da\u00a0ministra C\u00e1rmen L\u00facia\u00a0e d\u00e1 24 horas para que o conte\u00fado seja retirado do YouTube.\u00a0 Na propaganda, o\u00a0PT\u00a0exibe manchetes de [&hellip;]<\/p>\n","protected":false},"author":2,"featured_media":13041,"comment_status":"open","ping_status":"open","sticky":false,"template":"","format":"standard","meta":[],"categories":[10],"tags":[],"_links":{"self":[{"href":"https:\/\/dgospel.com.br\/portal\/index.php\/wp-json\/wp\/v2\/posts\/13040"}],"collection":[{"href":"https:\/\/dgospel.com.br\/portal\/index.php\/wp-json\/wp\/v2\/posts"}],"about":[{"href":"https:\/\/dgospel.com.br\/portal\/index.php\/wp-json\/wp\/v2\/types\/post"}],"author":[{"embeddable":true,"href":"https:\/\/dgospel.com.br\/portal\/index.php\/wp-json\/wp\/v2\/users\/2"}],"replies":[{"embeddable":true,"href":"https:\/\/dgospel.com.br\/portal\/index.php\/wp-json\/wp\/v2\/comments?post=13040"}],"version-history":[{"count":1,"href":"https:\/\/dgospel.com.br\/portal\/index.php\/wp-json\/wp\/v2\/posts\/13040\/revisions"}],"predecessor-version":[{"id":13042,"href":"https:\/\/dgospel.com.br\/portal\/index.php\/wp-json\/wp\/v2\/posts\/13040\/revisions\/13042"}],"wp:featuredmedia":[{"embeddable":true,"href":"https:\/\/dgospel.com.br\/portal\/index.php\/wp-json\/wp\/v2\/media\/13041"}],"wp:attachment":[{"href":"https:\/\/dgospel.com.br\/portal\/index.php\/wp-json\/wp\/v2\/media?parent=13040"}],"wp:term":[{"taxonomy":"category","embeddable":true,"href":"https:\/\/dgospel.com.br\/portal\/index.php\/wp-json\/wp\/v2\/categories?post=13040"},{"taxonomy":"post_tag","embeddable":true,"href":"https:\/\/dgospel.com.br\/portal\/index.php\/wp-json\/wp\/v2\/tags?post=13040"}],"curies":[{"name":"wp","href":"https:\/\/api.w.org\/{rel}","templated":true}]}}