{"id":13046,"date":"2022-10-21T23:06:11","date_gmt":"2022-10-22T02:06:11","guid":{"rendered":"http:\/\/dgospel.com.br\/portal\/?p=13046"},"modified":"2022-10-21T23:13:51","modified_gmt":"2022-10-22T02:13:51","slug":"frente-evangelica-repudia-acao-do-tse-contra-a-jovem-pan","status":"publish","type":"post","link":"https:\/\/dgospel.com.br\/portal\/index.php\/2022\/10\/21\/frente-evangelica-repudia-acao-do-tse-contra-a-jovem-pan\/","title":{"rendered":"Frente Evang\u00e9lica repudia a\u00e7\u00e3o do TSE contra a Jovem Pan"},"content":{"rendered":"\n<p>A Frente Parlamentar Evang\u00e9lica (FPE) emitiu uma nota de rep\u00fadio contra a decis\u00e3o do Tribunal Superior Eleitoral pela tentativa de cerceamento da liberdade de imprensa diante da a\u00e7\u00e3o que tem impedido jornalistas e comentaristas pol\u00edticos da Jovem Pan de exercerem suas fun\u00e7\u00f5es ao falar sobre o candidato \u00e0 Presid\u00eancia Luiz In\u00e1cio Lula da Silva (PT).<\/p>\n\n\n\n<p>O documento assinado pelo presidente da FPE, deputado federal S\u00f3stenes Cavalcante (PL-RJ), diz que o grupo Jovem Pan cumpre \u201cseu papel social de bem informar a sociedade brasileira\u201d.<\/p>\n\n\n\n<p>\u2013 O que nos surpreende \u00e9 que justamente aqueles que deveriam ser os mais ferrenhos guardi\u00f5es da democracia est\u00e3o exatamente atuando para enfraquec\u00ea-la, impondo o cerceamento da livre circula\u00e7\u00e3o de conte\u00fado jornal\u00edstico, de ideais e de opini\u00e3o \u2013 diz trecho da nota.<\/p>\n\n\n\n<p>Ainda segundo a FPE, a \u201cJusti\u00e7a eleitoral contrariou o princ\u00edpio Constitucional de Liberdade de Express\u00e3o e de imprensa, impondo censura \u00e0 sua livre atividade, como tamb\u00e9m uma decis\u00e3o do STF da ADPF 130, que pro\u00edbe qualquer obst\u00e1culo a atividade jornal\u00edstica, quando determinada que fatos sejam tratados pelo grupo de Comunica\u00e7\u00e3o de moda informativo ou cr\u00edtico.<\/p>\n\n\n\n<p><strong>LEIA NA \u00cdNTEGRA:<\/strong><\/p>\n\n\n\n<p>NOTA DE REP\u00daDIO<\/p>\n\n\n\n<p>A Frente Parlamentar Evang\u00e9lica do Congresso Nacional (FPE) v\u00eam, por meio desta Nota, manifestar seu total rep\u00fadio contra todo e qualquer tipo de tentativas de cerceamento da liberdade de imprensa e de express\u00e3o, seja contra jornalistas, comunicadores sociais, ve\u00edculos e\/ou grupo de comunica\u00e7\u00e3o, que exercem o seu real papel de bem informar \u00e0 sociedade. Diante disso, o que o grupo de comunica\u00e7\u00e3o Jovem PAN, est\u00e1 fazendo \u00e9 cumprir o seu papel social de bem informar a sociedade brasileira.<\/p>\n\n\n\n<p>Para resguardar os princ\u00edpios b\u00e1sicos do Estado Democr\u00e1tico de Direito nortearam as lutas e na contribui\u00e7\u00e3o e constru\u00e7\u00e3o da sagrada democracia brasileira, sobre a qual n\u00e3o tergiversamos, e nem abrimos m\u00e3o e nos manteremos na sua pronta defesa, o que nos surpreende \u00e9 que justamente aqueles que deveriam ser os mais ferrenhos guardi\u00f5es da democracia est\u00e3o exatamente atuando para enfraquec\u00ea-la, impondo o cerceamento da livre circula\u00e7\u00e3o de conte\u00fado jornal\u00edstico, de ideais e de opini\u00e3o.<\/p>\n\n\n\n<p>A Justi\u00e7a Eleitoral contrariou o princ\u00edpio Constitucional de Liberdade de Express\u00e3o e de Imprensa, impondo censura \u00e0 sua livre atividade, como tamb\u00e9m uma decis\u00e3o do STF na ADPF 130, que pro\u00edbe qualquer obst\u00e1culo a atividade jornal\u00edstica, quando determina que fatos sejam tratados pelo grupo de Comunica\u00e7\u00e3o de modo informativo ou cr\u00edtico.<\/p>\n\n\n\n<p>Al\u00e9m deste fato cumpre destacar a proibi\u00e7\u00e3o da veicula\u00e7\u00e3o da fala do Ex- Ministro do STF Marco Aur\u00e9lio de Melo na pe\u00e7a publicit\u00e1ria de campanha do candidato Bolsonaro, \u00e0 Presid\u00eancia da Rep\u00fablica, na propaganda eleitoral gratuita para r\u00e1dio e TV.<\/p>\n\n\n\n<p>Ante o exposto, v\u00eam emitir esta Nota de Rep\u00fadio, pela decis\u00e3o da mais alta corte da Justi\u00e7a Eleitoral.<\/p>\n\n\n\n<p>Bras\u00edlia &#8211; DF, 20 de outubro de 2022.<\/p>\n\n\n\n<p>Deputado S\u00d3STENES CAVALCANTE<br>Presidente da Frente Parlamentar Evang\u00e9lica do Congresso Nacional<\/p>\n","protected":false},"excerpt":{"rendered":"<p>A Frente Parlamentar Evang\u00e9lica (FPE) emitiu uma nota de rep\u00fadio contra a decis\u00e3o do Tribunal Superior Eleitoral pela tentativa de cerceamento da liberdade de imprensa diante da a\u00e7\u00e3o que tem impedido jornalistas e comentaristas pol\u00edticos da Jovem Pan de exercerem suas fun\u00e7\u00f5es ao falar sobre o candidato \u00e0 Presid\u00eancia Luiz In\u00e1cio Lula da Silva (PT). [&hellip;]<\/p>\n","protected":false},"author":2,"featured_media":13047,"comment_status":"open","ping_status":"open","sticky":false,"template":"","format":"standard","meta":[],"categories":[8],"tags":[],"_links":{"self":[{"href":"https:\/\/dgospel.com.br\/portal\/index.php\/wp-json\/wp\/v2\/posts\/13046"}],"collection":[{"href":"https:\/\/dgospel.com.br\/portal\/index.php\/wp-json\/wp\/v2\/posts"}],"about":[{"href":"https:\/\/dgospel.com.br\/portal\/index.php\/wp-json\/wp\/v2\/types\/post"}],"author":[{"embeddable":true,"href":"https:\/\/dgospel.com.br\/portal\/index.php\/wp-json\/wp\/v2\/users\/2"}],"replies":[{"embeddable":true,"href":"https:\/\/dgospel.com.br\/portal\/index.php\/wp-json\/wp\/v2\/comments?post=13046"}],"version-history":[{"count":2,"href":"https:\/\/dgospel.com.br\/portal\/index.php\/wp-json\/wp\/v2\/posts\/13046\/revisions"}],"predecessor-version":[{"id":13050,"href":"https:\/\/dgospel.com.br\/portal\/index.php\/wp-json\/wp\/v2\/posts\/13046\/revisions\/13050"}],"wp:featuredmedia":[{"embeddable":true,"href":"https:\/\/dgospel.com.br\/portal\/index.php\/wp-json\/wp\/v2\/media\/13047"}],"wp:attachment":[{"href":"https:\/\/dgospel.com.br\/portal\/index.php\/wp-json\/wp\/v2\/media?parent=13046"}],"wp:term":[{"taxonomy":"category","embeddable":true,"href":"https:\/\/dgospel.com.br\/portal\/index.php\/wp-json\/wp\/v2\/categories?post=13046"},{"taxonomy":"post_tag","embeddable":true,"href":"https:\/\/dgospel.com.br\/portal\/index.php\/wp-json\/wp\/v2\/tags?post=13046"}],"curies":[{"name":"wp","href":"https:\/\/api.w.org\/{rel}","templated":true}]}}