{"id":13054,"date":"2022-10-24T09:58:38","date_gmt":"2022-10-24T12:58:38","guid":{"rendered":"http:\/\/dgospel.com.br\/portal\/?p=13054"},"modified":"2022-10-24T09:58:39","modified_gmt":"2022-10-24T12:58:39","slug":"igreja-videira-hasteia-a-2a-maior-bandeira-do-pais","status":"publish","type":"post","link":"https:\/\/dgospel.com.br\/portal\/index.php\/2022\/10\/24\/igreja-videira-hasteia-a-2a-maior-bandeira-do-pais\/","title":{"rendered":"Igreja Videira hasteia a 2\u00aa maior bandeira do pa\u00eds"},"content":{"rendered":"\n<p>A Igreja Videira, em Goi\u00e2nia, hasteou neste domingo (23) a segunda maior bandeira do pa\u00eds no templo sede da denomina\u00e7\u00e3o que est\u00e1 localizado no Setor Bueno.<\/p>\n\n\n\n<p>O mastro tem 33 metros de altura e a bandeira tem mais de 70m\u00b2 foram fixados na entrada do grande templo chamado tamb\u00e9m de Arena Bueno.<\/p>\n\n\n\n<p>A cerim\u00f4nia de hasteamento atraiu centenas de pessoas entre fi\u00e9is da igreja e moradores da cidade.<\/p>\n\n\n\n<p>A maior bandeira do Brasil segue hasteada na Pra\u00e7a dos Tr\u00eas Poderes, em Bras\u00edlia. O mastro dela tem 100 metros de altura e a bandeira tem 286 m\u00b2.<\/p>\n","protected":false},"excerpt":{"rendered":"<p>A Igreja Videira, em Goi\u00e2nia, hasteou neste domingo (23) a segunda maior bandeira do pa\u00eds no templo sede da denomina\u00e7\u00e3o que est\u00e1 localizado no Setor Bueno. O mastro tem 33 metros de altura e a bandeira tem mais de 70m\u00b2 foram fixados na entrada do grande templo chamado tamb\u00e9m de Arena Bueno. A cerim\u00f4nia de [&hellip;]<\/p>\n","protected":false},"author":2,"featured_media":13055,"comment_status":"open","ping_status":"open","sticky":false,"template":"","format":"standard","meta":[],"categories":[5],"tags":[],"_links":{"self":[{"href":"https:\/\/dgospel.com.br\/portal\/index.php\/wp-json\/wp\/v2\/posts\/13054"}],"collection":[{"href":"https:\/\/dgospel.com.br\/portal\/index.php\/wp-json\/wp\/v2\/posts"}],"about":[{"href":"https:\/\/dgospel.com.br\/portal\/index.php\/wp-json\/wp\/v2\/types\/post"}],"author":[{"embeddable":true,"href":"https:\/\/dgospel.com.br\/portal\/index.php\/wp-json\/wp\/v2\/users\/2"}],"replies":[{"embeddable":true,"href":"https:\/\/dgospel.com.br\/portal\/index.php\/wp-json\/wp\/v2\/comments?post=13054"}],"version-history":[{"count":1,"href":"https:\/\/dgospel.com.br\/portal\/index.php\/wp-json\/wp\/v2\/posts\/13054\/revisions"}],"predecessor-version":[{"id":13056,"href":"https:\/\/dgospel.com.br\/portal\/index.php\/wp-json\/wp\/v2\/posts\/13054\/revisions\/13056"}],"wp:featuredmedia":[{"embeddable":true,"href":"https:\/\/dgospel.com.br\/portal\/index.php\/wp-json\/wp\/v2\/media\/13055"}],"wp:attachment":[{"href":"https:\/\/dgospel.com.br\/portal\/index.php\/wp-json\/wp\/v2\/media?parent=13054"}],"wp:term":[{"taxonomy":"category","embeddable":true,"href":"https:\/\/dgospel.com.br\/portal\/index.php\/wp-json\/wp\/v2\/categories?post=13054"},{"taxonomy":"post_tag","embeddable":true,"href":"https:\/\/dgospel.com.br\/portal\/index.php\/wp-json\/wp\/v2\/tags?post=13054"}],"curies":[{"name":"wp","href":"https:\/\/api.w.org\/{rel}","templated":true}]}}