{"id":13057,"date":"2022-10-24T10:01:22","date_gmt":"2022-10-24T13:01:22","guid":{"rendered":"http:\/\/dgospel.com.br\/portal\/?p=13057"},"modified":"2022-10-24T10:01:23","modified_gmt":"2022-10-24T13:01:23","slug":"bolsonaro-vai-a-culto-e-discursa-em-igreja-do-pr-valdemiro","status":"publish","type":"post","link":"https:\/\/dgospel.com.br\/portal\/index.php\/2022\/10\/24\/bolsonaro-vai-a-culto-e-discursa-em-igreja-do-pr-valdemiro\/","title":{"rendered":"Bolsonaro vai a culto e discursa em igreja do pr. Valdemiro"},"content":{"rendered":"\n<p>O presidente Jair Bolsonaro (PL) esteve em culto evang\u00e9lico da Igreja Mundial do Poder de Deus neste domingo (23), em S\u00e3o Paulo, junto do candidato ao governo do estado, Tarc\u00edsio de Freitas.<\/p>\n\n\n\n<p>Ao lado do pastor Valdemiro Santiago, o presidente discursou, refor\u00e7ando os valores conservadores que defende, entre eles, a prote\u00e7\u00e3o \u00e0 \u201cvida desde a concep\u00e7\u00e3o\u201d e \u00e0 \u201cpropriedade privada\u201d. Ele ainda lembrou que incluiu a palavra \u201cliberdade\u201d no mote de seu governo \u201cDeus, p\u00e1tria e fam\u00edlia\u201d.<\/p>\n\n\n\n<p>Bolsonaro tamb\u00e9m mencionou que cumpriu a promessa de indicar um ministro evang\u00e9lico para o Supremo Tribunal Federal (STF), Andr\u00e9 Mendon\u00e7a, que foi elogiado por Valdemiro.<\/p>\n\n\n\n<p>O chefe do Executivo ainda disse que a cadeira que ele ocupa \u201c\u00e9 cobi\u00e7ada especialmente pelos maus\u201d e afirmou contar com o apoio do p\u00fablico evang\u00e9lico para dar continuidade ao seu governo.<\/p>\n\n\n\n<p>\u2013 Sei que voc\u00eas nos dar\u00e3o a vit\u00f3ria no pr\u00f3ximo dia 30 \u2013 assinalou.<\/p>\n","protected":false},"excerpt":{"rendered":"<p>O presidente Jair Bolsonaro (PL) esteve em culto evang\u00e9lico da Igreja Mundial do Poder de Deus neste domingo (23), em S\u00e3o Paulo, junto do candidato ao governo do estado, Tarc\u00edsio de Freitas. Ao lado do pastor Valdemiro Santiago, o presidente discursou, refor\u00e7ando os valores conservadores que defende, entre eles, a prote\u00e7\u00e3o \u00e0 \u201cvida desde a [&hellip;]<\/p>\n","protected":false},"author":2,"featured_media":13058,"comment_status":"open","ping_status":"open","sticky":false,"template":"","format":"standard","meta":[],"categories":[5],"tags":[],"_links":{"self":[{"href":"https:\/\/dgospel.com.br\/portal\/index.php\/wp-json\/wp\/v2\/posts\/13057"}],"collection":[{"href":"https:\/\/dgospel.com.br\/portal\/index.php\/wp-json\/wp\/v2\/posts"}],"about":[{"href":"https:\/\/dgospel.com.br\/portal\/index.php\/wp-json\/wp\/v2\/types\/post"}],"author":[{"embeddable":true,"href":"https:\/\/dgospel.com.br\/portal\/index.php\/wp-json\/wp\/v2\/users\/2"}],"replies":[{"embeddable":true,"href":"https:\/\/dgospel.com.br\/portal\/index.php\/wp-json\/wp\/v2\/comments?post=13057"}],"version-history":[{"count":1,"href":"https:\/\/dgospel.com.br\/portal\/index.php\/wp-json\/wp\/v2\/posts\/13057\/revisions"}],"predecessor-version":[{"id":13059,"href":"https:\/\/dgospel.com.br\/portal\/index.php\/wp-json\/wp\/v2\/posts\/13057\/revisions\/13059"}],"wp:featuredmedia":[{"embeddable":true,"href":"https:\/\/dgospel.com.br\/portal\/index.php\/wp-json\/wp\/v2\/media\/13058"}],"wp:attachment":[{"href":"https:\/\/dgospel.com.br\/portal\/index.php\/wp-json\/wp\/v2\/media?parent=13057"}],"wp:term":[{"taxonomy":"category","embeddable":true,"href":"https:\/\/dgospel.com.br\/portal\/index.php\/wp-json\/wp\/v2\/categories?post=13057"},{"taxonomy":"post_tag","embeddable":true,"href":"https:\/\/dgospel.com.br\/portal\/index.php\/wp-json\/wp\/v2\/tags?post=13057"}],"curies":[{"name":"wp","href":"https:\/\/api.w.org\/{rel}","templated":true}]}}