{"id":13063,"date":"2022-10-24T11:14:21","date_gmt":"2022-10-24T14:14:21","guid":{"rendered":"http:\/\/dgospel.com.br\/portal\/?p=13063"},"modified":"2022-10-24T11:14:22","modified_gmt":"2022-10-24T14:14:22","slug":"bolsonaro-afirma-que-o-pt-deu-demonstracao-do-que-e-censura","status":"publish","type":"post","link":"https:\/\/dgospel.com.br\/portal\/index.php\/2022\/10\/24\/bolsonaro-afirma-que-o-pt-deu-demonstracao-do-que-e-censura\/","title":{"rendered":"Bolsonaro afirma que o PT deu \u2018demonstra\u00e7\u00e3o\u2019 do que \u00e9 censura"},"content":{"rendered":"\n<p>O presidente&nbsp;<a href=\"http:\/\/pleno.news\/tag\/jair-bolsonaro\" target=\"_blank\" rel=\"noreferrer noopener\">Jair Bolsonaro<\/a>&nbsp;(PL) declarou que o PT est\u00e1 dando uma \u201cdemonstra\u00e7\u00e3o\u201d de censura no pa\u00eds com a a\u00e7\u00e3o ajuizada pela sigla no Tribunal Superior Eleitoral (TSE) sobre a Jovem Pan. A representa\u00e7\u00e3o em quest\u00e3o resultou na decis\u00e3o do TSE de proibir a emissora e seus comentaristas de promover \u201cinser\u00e7\u00f5es e manifesta\u00e7\u00f5es\u201d a respeito de processos sobre o ex-presidente&nbsp;<a href=\"http:\/\/pleno.news\/tag\/lula\" target=\"_blank\" rel=\"noreferrer noopener\">Lula<\/a>&nbsp;(PT).<\/p>\n\n\n\n<p>\u2013 O PT est\u00e1 dando uma pequena demonstra\u00e7\u00e3o no tocante \u00e0 censura \u2013 declarou.<\/p>\n\n\n\n<p>Ao ser questionado sobre a decis\u00e3o do TSE envolvendo a Jovem Pan, Bolsonaro ainda afirmou que \u201cnossa liberdade est\u00e1 em risco\u201d. O l\u00edder tamb\u00e9m estendeu a cr\u00edtica feita contra o PT ao Tribunal Superior Eleitoral, que, na opini\u00e3o dele, \u201cdecidiu equivocadamente sobre a censura\u201d.<\/p>\n\n\n\n<p>\u2013 \u00c9 lament\u00e1vel a decis\u00e3o do TSE, mas mais lament\u00e1vel \u00e9 o PT \u2013 apontou.<\/p>\n\n\n\n<p>A declara\u00e7\u00e3o foi feita por Bolsonaro durante entrevista realizada na Record TV na noite deste domingo (23). Originalmente, a emissora faria um debate entre os dois candidatos que est\u00e3o no segundo turno das elei\u00e7\u00f5es presidenciais, mas o ex-presidente Lula (PT) decidiu n\u00e3o participar.<\/p>\n\n\n\n<p>Essa foi a segunda vez no segundo turno que o petista desistiu de participar de debates. Na \u00faltima sexta (21), Lula j\u00e1 havia faltado ao debate promovido pelo pool composto pelos ve\u00edculos SBT, CNN Brasil, Veja, Terra, NovaBrasil e Estad\u00e3o\/Eldorado.<\/p>\n","protected":false},"excerpt":{"rendered":"<p>O presidente&nbsp;Jair Bolsonaro&nbsp;(PL) declarou que o PT est\u00e1 dando uma \u201cdemonstra\u00e7\u00e3o\u201d de censura no pa\u00eds com a a\u00e7\u00e3o ajuizada pela sigla no Tribunal Superior Eleitoral (TSE) sobre a Jovem Pan. A representa\u00e7\u00e3o em quest\u00e3o resultou na decis\u00e3o do TSE de proibir a emissora e seus comentaristas de promover \u201cinser\u00e7\u00f5es e manifesta\u00e7\u00f5es\u201d a respeito de processos [&hellip;]<\/p>\n","protected":false},"author":2,"featured_media":13064,"comment_status":"open","ping_status":"open","sticky":false,"template":"","format":"standard","meta":[],"categories":[4],"tags":[],"_links":{"self":[{"href":"https:\/\/dgospel.com.br\/portal\/index.php\/wp-json\/wp\/v2\/posts\/13063"}],"collection":[{"href":"https:\/\/dgospel.com.br\/portal\/index.php\/wp-json\/wp\/v2\/posts"}],"about":[{"href":"https:\/\/dgospel.com.br\/portal\/index.php\/wp-json\/wp\/v2\/types\/post"}],"author":[{"embeddable":true,"href":"https:\/\/dgospel.com.br\/portal\/index.php\/wp-json\/wp\/v2\/users\/2"}],"replies":[{"embeddable":true,"href":"https:\/\/dgospel.com.br\/portal\/index.php\/wp-json\/wp\/v2\/comments?post=13063"}],"version-history":[{"count":1,"href":"https:\/\/dgospel.com.br\/portal\/index.php\/wp-json\/wp\/v2\/posts\/13063\/revisions"}],"predecessor-version":[{"id":13065,"href":"https:\/\/dgospel.com.br\/portal\/index.php\/wp-json\/wp\/v2\/posts\/13063\/revisions\/13065"}],"wp:featuredmedia":[{"embeddable":true,"href":"https:\/\/dgospel.com.br\/portal\/index.php\/wp-json\/wp\/v2\/media\/13064"}],"wp:attachment":[{"href":"https:\/\/dgospel.com.br\/portal\/index.php\/wp-json\/wp\/v2\/media?parent=13063"}],"wp:term":[{"taxonomy":"category","embeddable":true,"href":"https:\/\/dgospel.com.br\/portal\/index.php\/wp-json\/wp\/v2\/categories?post=13063"},{"taxonomy":"post_tag","embeddable":true,"href":"https:\/\/dgospel.com.br\/portal\/index.php\/wp-json\/wp\/v2\/tags?post=13063"}],"curies":[{"name":"wp","href":"https:\/\/api.w.org\/{rel}","templated":true}]}}