{"id":13066,"date":"2022-10-24T11:26:29","date_gmt":"2022-10-24T14:26:29","guid":{"rendered":"http:\/\/dgospel.com.br\/portal\/?p=13066"},"modified":"2022-10-24T11:26:30","modified_gmt":"2022-10-24T14:26:30","slug":"prisao-de-roberto-jefferson-foi-pedida-por-randolfe-e-eliziane","status":"publish","type":"post","link":"https:\/\/dgospel.com.br\/portal\/index.php\/2022\/10\/24\/prisao-de-roberto-jefferson-foi-pedida-por-randolfe-e-eliziane\/","title":{"rendered":"Pris\u00e3o de Roberto Jefferson foi pedida por Randolfe e Eliziane"},"content":{"rendered":"\n<p>O mandado de pris\u00e3o contra Roberto Jefferson, determinado pelo ministro Alexandre de Moraes, do Supremo Tribunal Federal (STF), foi assinado na noite deste s\u00e1bado (22) ap\u00f3s um pedido feito pelos senadores Randolfe Rodrigues (Rede-AP) e Eliziane Gama (Cidadania-MA).<\/p>\n\n\n\n<p>Foi o pr\u00f3prio senador, ligado ao ex-presidente Luiz In\u00e1cio Lula da Silva (PT), quem informou nas redes sociais que havia solicitado o pedido de pris\u00e3o ap\u00f3s o ex-presidente do PTB proferir ofensas contra a ministra C\u00e1rmen L\u00facia, tamb\u00e9m do STF.<\/p>\n\n\n\n<p>\u2013 Fascistas n\u00e3o ficar\u00e3o impunes! Eu e a senadora Eliziane Gama acabamos de acionar o STF pedindo a puni\u00e7\u00e3o do respons\u00e1vel pelos ataques antidemocr\u00e1ticos, mis\u00f3ginos e machistas \u00e0 ministra C\u00e1rmen L\u00facia. N\u00e3o permitiremos que esses criminosos ganhem espa\u00e7o \u2013 escreveu o senador.<\/p>\n\n\n\n<p>Eliziane Gama tamb\u00e9m usou as redes sociais para criticar o ex-deputado federal por suas falas contra a ministra.<\/p>\n\n\n\n<p>\u2013 Repugnante, asquerosa e imoral a fala de Roberto Jefferson sobre a Min. Carmen L\u00facia. As palavras criminosas agridem e desrespeitam a todas as mulheres e n\u00e3o v\u00e3o ficar impunes. Vamos adotar todas as medidas legais cab\u00edveis. A bancada feminina do Senado n\u00e3o vai aceitar esse absurdo \u2013 disse a senadora maranhense.<\/p>\n","protected":false},"excerpt":{"rendered":"<p>O mandado de pris\u00e3o contra Roberto Jefferson, determinado pelo ministro Alexandre de Moraes, do Supremo Tribunal Federal (STF), foi assinado na noite deste s\u00e1bado (22) ap\u00f3s um pedido feito pelos senadores Randolfe Rodrigues (Rede-AP) e Eliziane Gama (Cidadania-MA). Foi o pr\u00f3prio senador, ligado ao ex-presidente Luiz In\u00e1cio Lula da Silva (PT), quem informou nas redes [&hellip;]<\/p>\n","protected":false},"author":2,"featured_media":13067,"comment_status":"open","ping_status":"open","sticky":false,"template":"","format":"standard","meta":[],"categories":[10],"tags":[],"_links":{"self":[{"href":"https:\/\/dgospel.com.br\/portal\/index.php\/wp-json\/wp\/v2\/posts\/13066"}],"collection":[{"href":"https:\/\/dgospel.com.br\/portal\/index.php\/wp-json\/wp\/v2\/posts"}],"about":[{"href":"https:\/\/dgospel.com.br\/portal\/index.php\/wp-json\/wp\/v2\/types\/post"}],"author":[{"embeddable":true,"href":"https:\/\/dgospel.com.br\/portal\/index.php\/wp-json\/wp\/v2\/users\/2"}],"replies":[{"embeddable":true,"href":"https:\/\/dgospel.com.br\/portal\/index.php\/wp-json\/wp\/v2\/comments?post=13066"}],"version-history":[{"count":1,"href":"https:\/\/dgospel.com.br\/portal\/index.php\/wp-json\/wp\/v2\/posts\/13066\/revisions"}],"predecessor-version":[{"id":13068,"href":"https:\/\/dgospel.com.br\/portal\/index.php\/wp-json\/wp\/v2\/posts\/13066\/revisions\/13068"}],"wp:featuredmedia":[{"embeddable":true,"href":"https:\/\/dgospel.com.br\/portal\/index.php\/wp-json\/wp\/v2\/media\/13067"}],"wp:attachment":[{"href":"https:\/\/dgospel.com.br\/portal\/index.php\/wp-json\/wp\/v2\/media?parent=13066"}],"wp:term":[{"taxonomy":"category","embeddable":true,"href":"https:\/\/dgospel.com.br\/portal\/index.php\/wp-json\/wp\/v2\/categories?post=13066"},{"taxonomy":"post_tag","embeddable":true,"href":"https:\/\/dgospel.com.br\/portal\/index.php\/wp-json\/wp\/v2\/tags?post=13066"}],"curies":[{"name":"wp","href":"https:\/\/api.w.org\/{rel}","templated":true}]}}