{"id":13069,"date":"2022-10-24T12:05:48","date_gmt":"2022-10-24T15:05:48","guid":{"rendered":"http:\/\/dgospel.com.br\/portal\/?p=13069"},"modified":"2022-10-24T12:05:50","modified_gmt":"2022-10-24T15:05:50","slug":"e-falso-que-lula-criou-o-dia-da-marcha-para-jesus-no-brasil-entenda","status":"publish","type":"post","link":"https:\/\/dgospel.com.br\/portal\/index.php\/2022\/10\/24\/e-falso-que-lula-criou-o-dia-da-marcha-para-jesus-no-brasil-entenda\/","title":{"rendered":"\u00c9 falso que Lula criou o dia da Marcha para Jesus no Brasil; entenda"},"content":{"rendered":"\n<p>O ex-presidente Luiz In\u00e1cio Lula da Silva (PT) participou no \u00faltimo dia 18 do podcast Flow, onde falou sobre diversos temas. Em um deles, sobre a Marcha para Jesus,&nbsp;<a href=\"https:\/\/noticias.gospelmais.com.br\/carta-de-lula-evangelicos-petistas-votos-cristaos-154682.html\">o petista mentiu<\/a>&nbsp;ao dizer que foi o respons\u00e1vel pela cria\u00e7\u00e3o do evento em solo brasileiro.<\/p>\n\n\n\n<p>\u201cFui eu em 2010 que criei a Marcha com Jesus\u201d, afirmou o ex-presidente. No site oficial do petista tamb\u00e9m consta a informa\u00e7\u00e3o mentirosa a esse respeito. Em um texto intitulado \u201cDivulgue a verdade: Lula criou o Dia Nacional da Marcha para Jesus\u201d, encontramos o seguinte trecho:<\/p>\n\n\n\n<p>\u201cNa manh\u00e3 da sexta-feira (26), Lula fez uma postagem importante no Twitter: \u2018Como tem gente espalhando mentira, temos que lembrar que o Dia Nacional da Marcha para Jesus foi feito por n\u00f3s em 2009\u2032\u201d,&nbsp;<a href=\"https:\/\/lula.com.br\/divulgue-a-verdade-lula-criou-o-dia-nacional-da-marcha-para-jesus\/\">diz<\/a>&nbsp;o trecho, que acrescenta: \u201cQuem criou o Dia da Marcha para Jesus s\u00f3 falou verdades no post.\u201d<\/p>\n\n\n\n<p>Lula criou a Marcha para Jesus?<\/p>\n\n\n\n<p>A verdade \u00e9 que o ex-presidente Lula n\u00e3o foi respons\u00e1vel pela cria\u00e7\u00e3o do maior evento de rua organizado pelas igrejas evang\u00e9licas no pa\u00eds. O ato foi trazido ao Brasil pelo l\u00edder da Igreja Renascer em Cristo, ap\u00f3stolo Estevam Hernandes, em 1993.<\/p>\n\n\n\n<p>O primeiro evento ocorreu na Avenida Paulista, segundo a&nbsp;<a href=\"https:\/\/www.cnnbrasil.com.br\/politica\/fatos-primeiro-lula-erra-ao-dizer-que-criou-a-marcha-para-jesus\/\">CNN Brasil<\/a>, naquele mesmo ano. Mas, foi s\u00f3 em 2008 que o ent\u00e3o senador Marcelo Crivella (Republicanos-RJ), bispo da Igreja Universal do Poder de Deus, criou o Projeto de Lei que oficializou a Marcha para Jesus no Brasil.<\/p>\n\n\n\n<p>Lula, como era presidente da Rep\u00fablica em 2009, foi apenas o respons\u00e1vel por sancionar o PL criado por Crivella, o que \u00e9 muito diferente da afirma\u00e7\u00e3o feita pelo petista, atualmente, de que ele teria criado o evento.<\/p>\n\n\n\n<p>Uma reportagem publicada pelo portal G1 em setembro daquele ano tamb\u00e9m \u00e9 clara ao dizer que a lei respons\u00e1vel pela cria\u00e7\u00e3o da Marcha para Jesus n\u00e3o pertence a Lula. De acordo com a&nbsp;<a href=\"https:\/\/g1.globo.com\/Noticias\/Politica\/0,,MUL1291943-5601,00-LULA+SANCIONA+LEI+QUE+CRIA+O+DIA+DA+MARCHA+PARA+JESUS.html\">mat\u00e9ria<\/a>, \u201co evento teve origem em Londres e o projeto \u00e9 do senador Marcelo Crivella (PRB-RJ).\u201d<\/p>\n\n\n\n<p>O correto, portanto, seria Lula afirmar apenas que foi o respons\u00e1vel por sancionar a lei que oficializou a manifesta\u00e7\u00e3o, visto que, como a lei sancionada n\u00e3o \u00e9 da sua autoria, e o evento j\u00e1 existia no pa\u00eds h\u00e1 anos, afirmar que o mesmo \u201cfoi feito por n\u00f3s em 2009\u201d n\u00e3o corresponde \u00e0 realidade!<\/p>\n","protected":false},"excerpt":{"rendered":"<p>O ex-presidente Luiz In\u00e1cio Lula da Silva (PT) participou no \u00faltimo dia 18 do podcast Flow, onde falou sobre diversos temas. Em um deles, sobre a Marcha para Jesus,&nbsp;o petista mentiu&nbsp;ao dizer que foi o respons\u00e1vel pela cria\u00e7\u00e3o do evento em solo brasileiro. \u201cFui eu em 2010 que criei a Marcha com Jesus\u201d, afirmou o [&hellip;]<\/p>\n","protected":false},"author":2,"featured_media":13052,"comment_status":"open","ping_status":"open","sticky":false,"template":"","format":"standard","meta":[],"categories":[4],"tags":[],"_links":{"self":[{"href":"https:\/\/dgospel.com.br\/portal\/index.php\/wp-json\/wp\/v2\/posts\/13069"}],"collection":[{"href":"https:\/\/dgospel.com.br\/portal\/index.php\/wp-json\/wp\/v2\/posts"}],"about":[{"href":"https:\/\/dgospel.com.br\/portal\/index.php\/wp-json\/wp\/v2\/types\/post"}],"author":[{"embeddable":true,"href":"https:\/\/dgospel.com.br\/portal\/index.php\/wp-json\/wp\/v2\/users\/2"}],"replies":[{"embeddable":true,"href":"https:\/\/dgospel.com.br\/portal\/index.php\/wp-json\/wp\/v2\/comments?post=13069"}],"version-history":[{"count":1,"href":"https:\/\/dgospel.com.br\/portal\/index.php\/wp-json\/wp\/v2\/posts\/13069\/revisions"}],"predecessor-version":[{"id":13070,"href":"https:\/\/dgospel.com.br\/portal\/index.php\/wp-json\/wp\/v2\/posts\/13069\/revisions\/13070"}],"wp:featuredmedia":[{"embeddable":true,"href":"https:\/\/dgospel.com.br\/portal\/index.php\/wp-json\/wp\/v2\/media\/13052"}],"wp:attachment":[{"href":"https:\/\/dgospel.com.br\/portal\/index.php\/wp-json\/wp\/v2\/media?parent=13069"}],"wp:term":[{"taxonomy":"category","embeddable":true,"href":"https:\/\/dgospel.com.br\/portal\/index.php\/wp-json\/wp\/v2\/categories?post=13069"},{"taxonomy":"post_tag","embeddable":true,"href":"https:\/\/dgospel.com.br\/portal\/index.php\/wp-json\/wp\/v2\/tags?post=13069"}],"curies":[{"name":"wp","href":"https:\/\/api.w.org\/{rel}","templated":true}]}}