{"id":13077,"date":"2022-10-24T16:38:06","date_gmt":"2022-10-24T19:38:06","guid":{"rendered":"http:\/\/dgospel.com.br\/portal\/?p=13077"},"modified":"2022-10-24T16:38:07","modified_gmt":"2022-10-24T19:38:07","slug":"tse-determina-nova-exclusao-de-posts-de-janones-sobre-bolsonaro","status":"publish","type":"post","link":"https:\/\/dgospel.com.br\/portal\/index.php\/2022\/10\/24\/tse-determina-nova-exclusao-de-posts-de-janones-sobre-bolsonaro\/","title":{"rendered":"TSE determina nova exclus\u00e3o de posts de Janones sobre Bolsonaro"},"content":{"rendered":"\n<p>O Tribunal Superior Eleitoral (<a href=\"http:\/\/pleno.news\/tag\/tse\" target=\"_blank\" rel=\"noreferrer noopener\">TSE<\/a>) determinou, em duas decis\u00f5es diferentes, que as redes sociais removam publica\u00e7\u00f5es do deputado&nbsp;<a href=\"http:\/\/pleno.news\/tag\/andre-janones\" target=\"_blank\" rel=\"noreferrer noopener\">Andr\u00e9 Janones<\/a>&nbsp;(Avante-MG) que associam o presidente e candidato \u00e0 reelei\u00e7\u00e3o Jair Bolsonaro (PL) a Roberto Jefferson e acusam o chefe do Executivo de querer reduzir o sal\u00e1rio m\u00ednimo. Ambas atendem a pedido da campanha de Bolsonaro.<\/p>\n\n\n\n<p>A primeira decis\u00e3o, proferida no domingo (23) pela ministra Isabel Gallotti, se refere a publica\u00e7\u00f5es em que Janones acusa o governo de propor a redu\u00e7\u00e3o do valor do sal\u00e1rio m\u00ednimo, de aposentadorias, Benef\u00edcio de Presta\u00e7\u00e3o Continuada (BPC) e pens\u00f5es em caso de reelei\u00e7\u00e3o de Bolsonaro.<\/p>\n\n\n\n<p>A ministra apontou que o Minist\u00e9rio da Economia negou a inten\u00e7\u00e3o de reajuste em nota publicada no site. Por isso, mesmo que a informa\u00e7\u00e3o tenha sido revelada pela imprensa, Gallotti concluiu que se trata de not\u00edcia falsa.<\/p>\n\n\n\n<p>\u2013 No caso em exame, verifico a divulga\u00e7\u00e3o de informa\u00e7\u00e3o falsa a respeito de tema revestido de extrema relev\u00e2ncia social, com aparente finalidade de vincular tais medidas dr\u00e1sticas ao presidente da Rep\u00fablica, incutindo assim na mente do eleitor a falsa ideia de que os sal\u00e1rios e aposentadorias n\u00e3o ser\u00e3o mais reajustados \u2013 escreveu a ministra.<\/p>\n\n\n\n<p>A determina\u00e7\u00e3o tamb\u00e9m atinge os perfis do presidenci\u00e1vel Luiz In\u00e1cio Lula da Silva (PT), a presidente do PT, Gleisi Hoffmann, e outros apoiadores de Lula que compartilharam informa\u00e7\u00f5es com o mesmo teor.<\/p>\n\n\n\n<p>Em outra decis\u00e3o da Corte, publicada nesta segunda-feira (24), o ministro Alexandre de Moraes mandou excluir posts de Janones que associam Bolsonaro a Roberto Jefferson. O ministro apontou que, ao contr\u00e1rio do que publicou Janones, o presidente disse repudiar os atos criminosos cometidos por Jefferson.<\/p>\n\n\n\n<p>\u2013 Como visto, a afirma\u00e7\u00e3o \u00e9 resultante de interpreta\u00e7\u00e3o descontextualizada, desprovida de respaldo concreto no conte\u00fado de sua fala, de modo que o referido apoio de Jair Messias Bolsonaro aos atos criminosos cometidos por Roberto Jefferson em 23\/10\/2022 decorre de fato sabidamente inver\u00eddico e de narrativa manipulada \u2013 escreveu Moraes.<\/p>\n\n\n\n<p>Em ambas as decis\u00f5es, Janones e os demais representados foram proibidos de fazer novas publica\u00e7\u00f5es com o mesmo teor. O deputado se manifestou no Twitter mais cedo nesta segunda: \u201cAcabaram de deletar todos os meus posts com cr\u00edticas a Bolsonaro do meu insta! A ditadura est\u00e1 de volta!\u201d.<\/p>\n\n\n\n<p>Em outra publica\u00e7\u00e3o, o parlamentar disse que foi \u201cproibido a pedido de Bolsonaro de divulgar qualquer foto dele com Jefferson e de fazer qualquer postagem que ligue ambos, sob pena de multa di\u00e1ria de 100 mil reais\u201d.<\/p>\n\n\n\n<p>*Com informa\u00e7\u00f5es AE<\/p>\n","protected":false},"excerpt":{"rendered":"<p>O Tribunal Superior Eleitoral (TSE) determinou, em duas decis\u00f5es diferentes, que as redes sociais removam publica\u00e7\u00f5es do deputado&nbsp;Andr\u00e9 Janones&nbsp;(Avante-MG) que associam o presidente e candidato \u00e0 reelei\u00e7\u00e3o Jair Bolsonaro (PL) a Roberto Jefferson e acusam o chefe do Executivo de querer reduzir o sal\u00e1rio m\u00ednimo. Ambas atendem a pedido da campanha de Bolsonaro. A primeira [&hellip;]<\/p>\n","protected":false},"author":2,"featured_media":13078,"comment_status":"open","ping_status":"open","sticky":false,"template":"","format":"standard","meta":[],"categories":[10],"tags":[],"_links":{"self":[{"href":"https:\/\/dgospel.com.br\/portal\/index.php\/wp-json\/wp\/v2\/posts\/13077"}],"collection":[{"href":"https:\/\/dgospel.com.br\/portal\/index.php\/wp-json\/wp\/v2\/posts"}],"about":[{"href":"https:\/\/dgospel.com.br\/portal\/index.php\/wp-json\/wp\/v2\/types\/post"}],"author":[{"embeddable":true,"href":"https:\/\/dgospel.com.br\/portal\/index.php\/wp-json\/wp\/v2\/users\/2"}],"replies":[{"embeddable":true,"href":"https:\/\/dgospel.com.br\/portal\/index.php\/wp-json\/wp\/v2\/comments?post=13077"}],"version-history":[{"count":1,"href":"https:\/\/dgospel.com.br\/portal\/index.php\/wp-json\/wp\/v2\/posts\/13077\/revisions"}],"predecessor-version":[{"id":13079,"href":"https:\/\/dgospel.com.br\/portal\/index.php\/wp-json\/wp\/v2\/posts\/13077\/revisions\/13079"}],"wp:featuredmedia":[{"embeddable":true,"href":"https:\/\/dgospel.com.br\/portal\/index.php\/wp-json\/wp\/v2\/media\/13078"}],"wp:attachment":[{"href":"https:\/\/dgospel.com.br\/portal\/index.php\/wp-json\/wp\/v2\/media?parent=13077"}],"wp:term":[{"taxonomy":"category","embeddable":true,"href":"https:\/\/dgospel.com.br\/portal\/index.php\/wp-json\/wp\/v2\/categories?post=13077"},{"taxonomy":"post_tag","embeddable":true,"href":"https:\/\/dgospel.com.br\/portal\/index.php\/wp-json\/wp\/v2\/tags?post=13077"}],"curies":[{"name":"wp","href":"https:\/\/api.w.org\/{rel}","templated":true}]}}