{"id":13082,"date":"2022-10-24T17:37:15","date_gmt":"2022-10-24T20:37:15","guid":{"rendered":"http:\/\/dgospel.com.br\/portal\/?p=13082"},"modified":"2022-10-24T17:37:17","modified_gmt":"2022-10-24T20:37:17","slug":"janones-orienta-milicias-digitais-de-lula-em-disseminacao-de-nova-fake-news-contra-bolsonaro","status":"publish","type":"post","link":"https:\/\/dgospel.com.br\/portal\/index.php\/2022\/10\/24\/janones-orienta-milicias-digitais-de-lula-em-disseminacao-de-nova-fake-news-contra-bolsonaro\/","title":{"rendered":"Janones orienta mil\u00edcias digitais de Lula em dissemina\u00e7\u00e3o de nova fake news contra Bolsonaro"},"content":{"rendered":"\n<p>O v\u00eddeo que j\u00e1 viraliza nas redes foi capturado em uma live no Instagram, feito pelo deputado federal Andr\u00e9 Janone (Avante \u2013 MG) que coordena a campanha do fuj\u00e3o Luiz In\u00e1cio Lula da Silva nas redes sociais.<\/p>\n\n\n\n<p>\u00a0O aloprado ensina como os militantes petistas devem utilizar a web para espalhar conte\u00fados e narrativas de forma coordenada com disparos em massa.<\/p>\n\n\n\n<p>\u201c\u00c9 o assunto de hoje envolvendo Roberto Jefferson. Cuidado vamos usar as express\u00f5es corretas. Ele \u00e9 um dos coordenadores informais da candidatura de Jair Bolsonaro, n\u00e3o \u00e9 oficial ele n\u00e3o est\u00e1 l\u00e1 no grupo, mas ele tem coordenado informalmente v\u00e1rias a\u00e7\u00f5es da campanha de Bolsonaro\u201d, diz avisando que o caso a ser explorado \u00e9 o de resist\u00eancia \u00e0 pris\u00e3o neste domingo quando Jefferson entrou em confronto armado contra os policiais federais ao se recusar a acatar o mandato do ministro do STF Alexandre Moraes.<\/p>\n\n\n\n<figure class=\"wp-block-embed is-type-video is-provider-youtube wp-block-embed-youtube wp-embed-aspect-16-9 wp-has-aspect-ratio\"><div class=\"wp-block-embed__wrapper\">\n<iframe loading=\"lazy\" title=\"Flagra! Janones orienta mil\u00edcias digitais de Lula em dissemina\u00e7\u00e3o de nova fake news contra Bolsonaro\" width=\"630\" height=\"354\" src=\"https:\/\/www.youtube.com\/embed\/JZ3S5j8hyx4?feature=oembed\" frameborder=\"0\" allow=\"accelerometer; autoplay; clipboard-write; encrypted-media; gyroscope; picture-in-picture\" allowfullscreen><\/iframe>\n<\/div><\/figure>\n\n\n\n<p>Roberto Jefferson est\u00e1 preso por,&nbsp;<a href=\"https:\/\/pleno.news\/brasil\/politica-nacional\/moraes-prisao-de-jefferson-ocorreu-por-repetidas-violacoes.html\" target=\"_blank\" rel=\"noreferrer noopener\">al\u00e9m de viola\u00e7\u00f5es \u00e0 pris\u00e3o domiciliar<\/a>, ter reagido a um mandado de pris\u00e3o com tiros a agentes federais, neste domingo (23). Bolsonaro foi a p\u00fablico negar que Jefferson esteja trabalhando em sua campanha e repudiou a atitude do ex-deputado para com a Pol\u00edcia Federal.<\/p>\n\n\n\n<p>Numa tentativa de prejudicar a campanha de Bolsonaro nesta reta final do segundo turno, Janones tamb\u00e9m pede que os militantes insistam que Roberto Jefferson \u201ctentou matar dois policiais\u201d em vez de dizer que ele atacou o STF.<\/p>\n\n\n\n<p><strong>DECIS\u00c3O DO TSE<br><\/strong>Em decis\u00e3o do Tribunal Superior Eleitoral, publicada nesta segunda-feira (24), o ministro Alexandre de Moraes mandou excluir posts de Janones que associam Bolsonaro a Roberto Jefferson. O ministro apontou que, ao contr\u00e1rio do que publicou Janones, o presidente disse repudiar os atos criminosos cometidos por Jefferson.<\/p>\n\n\n\n<p>\u2013 Como visto, a afirma\u00e7\u00e3o \u00e9 resultante de interpreta\u00e7\u00e3o descontextualizada, desprovida de respaldo concreto no conte\u00fado de sua fala, de modo que o referido apoio de Jair Messias Bolsonaro aos atos criminosos cometidos por Roberto Jefferson em 23\/10\/2022 decorre de fato sabidamente inver\u00eddico e de narrativa manipulada \u2013 escreveu Moraes.<\/p>\n","protected":false},"excerpt":{"rendered":"<p>O v\u00eddeo que j\u00e1 viraliza nas redes foi capturado em uma live no Instagram, feito pelo deputado federal Andr\u00e9 Janone (Avante \u2013 MG) que coordena a campanha do fuj\u00e3o Luiz In\u00e1cio Lula da Silva nas redes sociais. \u00a0O aloprado ensina como os militantes petistas devem utilizar a web para espalhar conte\u00fados e narrativas de forma [&hellip;]<\/p>\n","protected":false},"author":2,"featured_media":13072,"comment_status":"open","ping_status":"open","sticky":false,"template":"","format":"standard","meta":[],"categories":[4],"tags":[],"_links":{"self":[{"href":"https:\/\/dgospel.com.br\/portal\/index.php\/wp-json\/wp\/v2\/posts\/13082"}],"collection":[{"href":"https:\/\/dgospel.com.br\/portal\/index.php\/wp-json\/wp\/v2\/posts"}],"about":[{"href":"https:\/\/dgospel.com.br\/portal\/index.php\/wp-json\/wp\/v2\/types\/post"}],"author":[{"embeddable":true,"href":"https:\/\/dgospel.com.br\/portal\/index.php\/wp-json\/wp\/v2\/users\/2"}],"replies":[{"embeddable":true,"href":"https:\/\/dgospel.com.br\/portal\/index.php\/wp-json\/wp\/v2\/comments?post=13082"}],"version-history":[{"count":1,"href":"https:\/\/dgospel.com.br\/portal\/index.php\/wp-json\/wp\/v2\/posts\/13082\/revisions"}],"predecessor-version":[{"id":13083,"href":"https:\/\/dgospel.com.br\/portal\/index.php\/wp-json\/wp\/v2\/posts\/13082\/revisions\/13083"}],"wp:featuredmedia":[{"embeddable":true,"href":"https:\/\/dgospel.com.br\/portal\/index.php\/wp-json\/wp\/v2\/media\/13072"}],"wp:attachment":[{"href":"https:\/\/dgospel.com.br\/portal\/index.php\/wp-json\/wp\/v2\/media?parent=13082"}],"wp:term":[{"taxonomy":"category","embeddable":true,"href":"https:\/\/dgospel.com.br\/portal\/index.php\/wp-json\/wp\/v2\/categories?post=13082"},{"taxonomy":"post_tag","embeddable":true,"href":"https:\/\/dgospel.com.br\/portal\/index.php\/wp-json\/wp\/v2\/tags?post=13082"}],"curies":[{"name":"wp","href":"https:\/\/api.w.org\/{rel}","templated":true}]}}