{"id":13084,"date":"2022-10-25T10:22:40","date_gmt":"2022-10-25T13:22:40","guid":{"rendered":"http:\/\/dgospel.com.br\/portal\/?p=13084"},"modified":"2022-10-25T10:22:42","modified_gmt":"2022-10-25T13:22:42","slug":"governo-do-tocantins-chama-atencao-para-a-importancia-da-imunizacao-no-dia-mundial-de-combate-a-poliomielite","status":"publish","type":"post","link":"https:\/\/dgospel.com.br\/portal\/index.php\/2022\/10\/25\/governo-do-tocantins-chama-atencao-para-a-importancia-da-imunizacao-no-dia-mundial-de-combate-a-poliomielite\/","title":{"rendered":"Governo do Tocantins chama aten\u00e7\u00e3o para a import\u00e2ncia da imuniza\u00e7\u00e3o no Dia Mundial de Combate \u00e0 Poliomielite"},"content":{"rendered":"\n<p>A baixa procura pela vacina\u00e7\u00e3o contra a poliomielite, conhecida como paralisia infantil, reacende a preocupa\u00e7\u00e3o para a dissemina\u00e7\u00e3o da doen\u00e7a, que estava erradicada no Brasil h\u00e1 25 anos. Por isso, no Dia Mundial de Combate \u00e0 Poliomielite, lembrado nesta segunda-feira, 24, a Secretaria de Estado da Sa\u00fade (SES-TO) chama aten\u00e7\u00e3o para a import\u00e2ncia da imuniza\u00e7\u00e3o, \u00fanica forma de preven\u00e7\u00e3o contra a doen\u00e7a.<\/p>\n\n\n\n<p>A Campanha Nacional de Vacina\u00e7\u00e3o contra a Poliomielite foi prorrogada pelo Governo do Tocantins at\u00e9 o dia 31 de outubro devido \u00e0 baixa ades\u00e3o. Segundo dados da Ger\u00eancia de Imuniza\u00e7\u00e3o da SES-TO, foram aplicadas 66.373 doses da vacina, o que corresponde a apenas 66,97% do p\u00fablico-alvo pretendido, que s\u00e3o crian\u00e7as menores de cinco anos, de uma popula\u00e7\u00e3o de 99.170.<\/p>\n\n\n\n<p>\u201cVamos aproveitar este Dia Mundial de Combate \u00e0 Poliomielite para incentivar que pais e respons\u00e1veis que ainda n\u00e3o levaram sua crian\u00e7a de um ano a menor de 5 anos \u00e0 uma unidade de sa\u00fade, que levem para fazer uma avalia\u00e7\u00e3o completa da caderneta de vacina\u00e7\u00e3o, principalmente para verificar a vacina\u00e7\u00e3o da poliomielite. Atualmente, temos uma cobertura abaixo da meta preconizada pelo Minist\u00e9rio da Sa\u00fade\u201d, explica a gerente de Imuniza\u00e7\u00e3o da SES-TO, Diandra Rocha.<\/p>\n\n\n\n<p>O secret\u00e1rio de Estado da Sa\u00fade, Afonso Piva, fez um apelo para toda a popula\u00e7\u00e3o sobre a import\u00e2ncia da vacina\u00e7\u00e3o de crian\u00e7as. \u201cConvocamos todos os pais para que levem seus filhos aos postos de sa\u00fade e garantam a vacina\u00e7\u00e3o das crian\u00e7as contra a poliomielite. Estendemos a campanha at\u00e9 o dia 31 de outubro, pois entendemos que \u00e9 de suma import\u00e2ncia que as doses sejam mantidas em dia para que possamos evitar que doen\u00e7as como a paralisia infantil sejam novamente disseminadas no Estado\u201d, enfatiza o gestor.<\/p>\n","protected":false},"excerpt":{"rendered":"<p>A baixa procura pela vacina\u00e7\u00e3o contra a poliomielite, conhecida como paralisia infantil, reacende a preocupa\u00e7\u00e3o para a dissemina\u00e7\u00e3o da doen\u00e7a, que estava erradicada no Brasil h\u00e1 25 anos. Por isso, no Dia Mundial de Combate \u00e0 Poliomielite, lembrado nesta segunda-feira, 24, a Secretaria de Estado da Sa\u00fade (SES-TO) chama aten\u00e7\u00e3o para a import\u00e2ncia da imuniza\u00e7\u00e3o, [&hellip;]<\/p>\n","protected":false},"author":2,"featured_media":13085,"comment_status":"open","ping_status":"open","sticky":false,"template":"","format":"standard","meta":[],"categories":[3],"tags":[13],"_links":{"self":[{"href":"https:\/\/dgospel.com.br\/portal\/index.php\/wp-json\/wp\/v2\/posts\/13084"}],"collection":[{"href":"https:\/\/dgospel.com.br\/portal\/index.php\/wp-json\/wp\/v2\/posts"}],"about":[{"href":"https:\/\/dgospel.com.br\/portal\/index.php\/wp-json\/wp\/v2\/types\/post"}],"author":[{"embeddable":true,"href":"https:\/\/dgospel.com.br\/portal\/index.php\/wp-json\/wp\/v2\/users\/2"}],"replies":[{"embeddable":true,"href":"https:\/\/dgospel.com.br\/portal\/index.php\/wp-json\/wp\/v2\/comments?post=13084"}],"version-history":[{"count":1,"href":"https:\/\/dgospel.com.br\/portal\/index.php\/wp-json\/wp\/v2\/posts\/13084\/revisions"}],"predecessor-version":[{"id":13086,"href":"https:\/\/dgospel.com.br\/portal\/index.php\/wp-json\/wp\/v2\/posts\/13084\/revisions\/13086"}],"wp:featuredmedia":[{"embeddable":true,"href":"https:\/\/dgospel.com.br\/portal\/index.php\/wp-json\/wp\/v2\/media\/13085"}],"wp:attachment":[{"href":"https:\/\/dgospel.com.br\/portal\/index.php\/wp-json\/wp\/v2\/media?parent=13084"}],"wp:term":[{"taxonomy":"category","embeddable":true,"href":"https:\/\/dgospel.com.br\/portal\/index.php\/wp-json\/wp\/v2\/categories?post=13084"},{"taxonomy":"post_tag","embeddable":true,"href":"https:\/\/dgospel.com.br\/portal\/index.php\/wp-json\/wp\/v2\/tags?post=13084"}],"curies":[{"name":"wp","href":"https:\/\/api.w.org\/{rel}","templated":true}]}}