{"id":13096,"date":"2022-10-26T09:36:32","date_gmt":"2022-10-26T12:36:32","guid":{"rendered":"http:\/\/dgospel.com.br\/portal\/?p=13096"},"modified":"2022-10-26T09:36:34","modified_gmt":"2022-10-26T12:36:34","slug":"bolsonaro-apresenta-provas-ao-tse-de-que-teve-menos-insercoes","status":"publish","type":"post","link":"https:\/\/dgospel.com.br\/portal\/index.php\/2022\/10\/26\/bolsonaro-apresenta-provas-ao-tse-de-que-teve-menos-insercoes\/","title":{"rendered":"Bolsonaro apresenta provas ao TSE de que teve menos inser\u00e7\u00f5es"},"content":{"rendered":"\n<p>Na noite desta ter\u00e7a-feira (25), a campanha do presidente Jair Bolsonaro entregou, ao Tribunal Superior Eleitoral (TSE), as provas de que teriam sido exibidas menos inser\u00e7\u00f5es de r\u00e1dio da propaganda eleitoral. De acordo com o ministro das Comunica\u00e7\u00f5es, F\u00e1bio Faria, Bolsonaro teve pelo menos 154 mil inser\u00e7\u00f5es a menos que a campanha do ex-presidente Luiz In\u00e1cio Lula da Silva (PT).<\/p>\n\n\n\n<p>Os dados foram enviados ao TSE em um relat\u00f3rio. De acordo com o site Metr\u00f3poles, um dos documentos cita oito r\u00e1dios que teriam deixado de reproduzir inser\u00e7\u00f5es do candidato \u00e0 reelei\u00e7\u00e3o. Entre elas est\u00e3o: Bispa FM, de Recife (PE);Hits FM, de Recife (PE);Clube FM, de Santo Ant\u00f4nio de Jesus (BA);Extremo Sul FM, de Itamaraju (BA);Integra\u00e7\u00e3o FM, de Surubim (PE);Povo FM, de Po\u00e7\u00f5es (BA);Povo FM, de Feira de Santana (BA); eViva Voz FM, de V\u00e1rzea da Ro\u00e7a (BA).<\/p>\n\n\n\n<p>Al\u00e9m disso, o relat\u00f3rio traz os hor\u00e1rios que as inser\u00e7\u00f5es de Lula teriam aparecido mais vezes do que as inser\u00e7\u00f5es de Bolsonaro. Al\u00e9m disso, a campanha de Bolsonaro explicou que levou o caso \u00e0 Corte \u201cem regime de urg\u00eancia\u201d e por isso s\u00f3 apresentaram dados parciais para comprovar a den\u00fancia.<\/p>\n\n\n\n<p>\u201cPara que se aquilate a gravidade da irregularidade noticiada, a t\u00edtulo exemplificativo, p\u00f4de-se comprovar, em pequena amostragem de oito r\u00e1dios (nominalmente referidas), em apenas uma semana, significativa discrep\u00e2ncia de 730 inser\u00e7\u00f5es, em desfavor da campanha do candidato peticion\u00e1rio\u201d, aponta trecho do documento.<\/p>\n\n\n\n<p>O TSE agora ir\u00e1 analisar o documento e tomar as devidas provid\u00eancias.<\/p>\n\n\n\n<p><\/p>\n","protected":false},"excerpt":{"rendered":"<p>Na noite desta ter\u00e7a-feira (25), a campanha do presidente Jair Bolsonaro entregou, ao Tribunal Superior Eleitoral (TSE), as provas de que teriam sido exibidas menos inser\u00e7\u00f5es de r\u00e1dio da propaganda eleitoral. De acordo com o ministro das Comunica\u00e7\u00f5es, F\u00e1bio Faria, Bolsonaro teve pelo menos 154 mil inser\u00e7\u00f5es a menos que a campanha do ex-presidente Luiz [&hellip;]<\/p>\n","protected":false},"author":2,"featured_media":13097,"comment_status":"open","ping_status":"open","sticky":false,"template":"","format":"standard","meta":[],"categories":[4],"tags":[],"_links":{"self":[{"href":"https:\/\/dgospel.com.br\/portal\/index.php\/wp-json\/wp\/v2\/posts\/13096"}],"collection":[{"href":"https:\/\/dgospel.com.br\/portal\/index.php\/wp-json\/wp\/v2\/posts"}],"about":[{"href":"https:\/\/dgospel.com.br\/portal\/index.php\/wp-json\/wp\/v2\/types\/post"}],"author":[{"embeddable":true,"href":"https:\/\/dgospel.com.br\/portal\/index.php\/wp-json\/wp\/v2\/users\/2"}],"replies":[{"embeddable":true,"href":"https:\/\/dgospel.com.br\/portal\/index.php\/wp-json\/wp\/v2\/comments?post=13096"}],"version-history":[{"count":1,"href":"https:\/\/dgospel.com.br\/portal\/index.php\/wp-json\/wp\/v2\/posts\/13096\/revisions"}],"predecessor-version":[{"id":13098,"href":"https:\/\/dgospel.com.br\/portal\/index.php\/wp-json\/wp\/v2\/posts\/13096\/revisions\/13098"}],"wp:featuredmedia":[{"embeddable":true,"href":"https:\/\/dgospel.com.br\/portal\/index.php\/wp-json\/wp\/v2\/media\/13097"}],"wp:attachment":[{"href":"https:\/\/dgospel.com.br\/portal\/index.php\/wp-json\/wp\/v2\/media?parent=13096"}],"wp:term":[{"taxonomy":"category","embeddable":true,"href":"https:\/\/dgospel.com.br\/portal\/index.php\/wp-json\/wp\/v2\/categories?post=13096"},{"taxonomy":"post_tag","embeddable":true,"href":"https:\/\/dgospel.com.br\/portal\/index.php\/wp-json\/wp\/v2\/tags?post=13096"}],"curies":[{"name":"wp","href":"https:\/\/api.w.org\/{rel}","templated":true}]}}