{"id":13108,"date":"2022-10-26T11:12:05","date_gmt":"2022-10-26T14:12:05","guid":{"rendered":"http:\/\/dgospel.com.br\/portal\/?p=13108"},"modified":"2022-10-26T11:12:06","modified_gmt":"2022-10-26T14:12:06","slug":"vereador-rubens-uchoa-solicita-patrulhamento-com-mais-frequencia-na-regiao-sul-da-capital","status":"publish","type":"post","link":"https:\/\/dgospel.com.br\/portal\/index.php\/2022\/10\/26\/vereador-rubens-uchoa-solicita-patrulhamento-com-mais-frequencia-na-regiao-sul-da-capital\/","title":{"rendered":"Vereador Rubens Uch\u00f4a solicita patrulhamento com mais frequ\u00eancia na regi\u00e3o Sul da Capital"},"content":{"rendered":"\n<p>Durante Sess\u00e3o Ordin\u00e1ria, o vereador Rubens Uch\u00f4a (Uni\u00e3o Brasil), apresentou na C\u00e2mara de Palmas, um requerimento solicitando ao Poder Executivo, que providencie patrulhamento da Pol\u00edcia Militar (PM) ou da Guarda Metropolitana com mais frequ\u00eancia ao setor S\u00f4nia Regina, na regi\u00e3o Sul da Capital.<\/p>\n\n\n\n<p>Segundo o parlamentar, os moradores e comerciantes do local solicitam a ronda com urg\u00eancia.<\/p>\n\n\n\n<p>\u201cTendo em vista que os furtos as resid\u00eancias tem aumentado muito nesses \u00faltimos meses com a presen\u00e7a do patrulhamento inibir\u00e1 as furtos e a viol\u00eancia na regi\u00e3o\u201d, justificou Rubens.<\/p>\n","protected":false},"excerpt":{"rendered":"<p>Durante Sess\u00e3o Ordin\u00e1ria, o vereador Rubens Uch\u00f4a (Uni\u00e3o Brasil), apresentou na C\u00e2mara de Palmas, um requerimento solicitando ao Poder Executivo, que providencie patrulhamento da Pol\u00edcia Militar (PM) ou da Guarda Metropolitana com mais frequ\u00eancia ao setor S\u00f4nia Regina, na regi\u00e3o Sul da Capital. Segundo o parlamentar, os moradores e comerciantes do local solicitam a ronda [&hellip;]<\/p>\n","protected":false},"author":2,"featured_media":13109,"comment_status":"open","ping_status":"open","sticky":false,"template":"","format":"standard","meta":[],"categories":[8],"tags":[],"_links":{"self":[{"href":"https:\/\/dgospel.com.br\/portal\/index.php\/wp-json\/wp\/v2\/posts\/13108"}],"collection":[{"href":"https:\/\/dgospel.com.br\/portal\/index.php\/wp-json\/wp\/v2\/posts"}],"about":[{"href":"https:\/\/dgospel.com.br\/portal\/index.php\/wp-json\/wp\/v2\/types\/post"}],"author":[{"embeddable":true,"href":"https:\/\/dgospel.com.br\/portal\/index.php\/wp-json\/wp\/v2\/users\/2"}],"replies":[{"embeddable":true,"href":"https:\/\/dgospel.com.br\/portal\/index.php\/wp-json\/wp\/v2\/comments?post=13108"}],"version-history":[{"count":1,"href":"https:\/\/dgospel.com.br\/portal\/index.php\/wp-json\/wp\/v2\/posts\/13108\/revisions"}],"predecessor-version":[{"id":13110,"href":"https:\/\/dgospel.com.br\/portal\/index.php\/wp-json\/wp\/v2\/posts\/13108\/revisions\/13110"}],"wp:featuredmedia":[{"embeddable":true,"href":"https:\/\/dgospel.com.br\/portal\/index.php\/wp-json\/wp\/v2\/media\/13109"}],"wp:attachment":[{"href":"https:\/\/dgospel.com.br\/portal\/index.php\/wp-json\/wp\/v2\/media?parent=13108"}],"wp:term":[{"taxonomy":"category","embeddable":true,"href":"https:\/\/dgospel.com.br\/portal\/index.php\/wp-json\/wp\/v2\/categories?post=13108"},{"taxonomy":"post_tag","embeddable":true,"href":"https:\/\/dgospel.com.br\/portal\/index.php\/wp-json\/wp\/v2\/tags?post=13108"}],"curies":[{"name":"wp","href":"https:\/\/api.w.org\/{rel}","templated":true}]}}