{"id":13111,"date":"2022-10-26T11:14:01","date_gmt":"2022-10-26T14:14:01","guid":{"rendered":"http:\/\/dgospel.com.br\/portal\/?p=13111"},"modified":"2022-10-26T11:14:01","modified_gmt":"2022-10-26T14:14:01","slug":"rubens-uchoa-solicita-servicos-de-reparos-na-quadra-de-esportes-da-303-norte","status":"publish","type":"post","link":"https:\/\/dgospel.com.br\/portal\/index.php\/2022\/10\/26\/rubens-uchoa-solicita-servicos-de-reparos-na-quadra-de-esportes-da-303-norte\/","title":{"rendered":"Rubens Uch\u00f4a solicita servi\u00e7os de reparos na quadra de esportes da 303 Norte"},"content":{"rendered":"\n<p>O vereador Rubens Uch\u00f4a (Uni\u00e3o Brasil), visando valorizar as pr\u00e1ticas esportivas em Palmas, solicitou por meio de um requerimento ao Poder Executivo Municipal, servi\u00e7os de reparos na quadra de esporte da 303 norte na Capital.<\/p>\n\n\n\n<p>Conforme a justificativa do parlamentar, o esporte e o lazer s\u00e3o direitos individuais e coletivos, que devem ser assegurados, portando, \u00e9 necess\u00e1rio a reforma do local proporcionando um ambiente adequado para os moradores.<\/p>\n\n\n\n<p>Rubens ainda enfatiza o papel da a\u00e7\u00e3o para beneficiar a juventude: \u201c\u00c9 uma maneira de trazer os jovens para um caminho saud\u00e1vel e promissor ao esporte. Acredito muito no poder social de pr\u00e1ticas esportivas, por isso trabalho para que ele possas ser acess\u00edvel\u201d, declarou o parlamentar.<\/p>\n\n\n\n<p>Fonte: primeirapagina.to<\/p>\n","protected":false},"excerpt":{"rendered":"<p>O vereador Rubens Uch\u00f4a (Uni\u00e3o Brasil), visando valorizar as pr\u00e1ticas esportivas em Palmas, solicitou por meio de um requerimento ao Poder Executivo Municipal, servi\u00e7os de reparos na quadra de esporte da 303 norte na Capital. Conforme a justificativa do parlamentar, o esporte e o lazer s\u00e3o direitos individuais e coletivos, que devem ser assegurados, portando, [&hellip;]<\/p>\n","protected":false},"author":2,"featured_media":13112,"comment_status":"open","ping_status":"open","sticky":false,"template":"","format":"standard","meta":[],"categories":[8],"tags":[],"_links":{"self":[{"href":"https:\/\/dgospel.com.br\/portal\/index.php\/wp-json\/wp\/v2\/posts\/13111"}],"collection":[{"href":"https:\/\/dgospel.com.br\/portal\/index.php\/wp-json\/wp\/v2\/posts"}],"about":[{"href":"https:\/\/dgospel.com.br\/portal\/index.php\/wp-json\/wp\/v2\/types\/post"}],"author":[{"embeddable":true,"href":"https:\/\/dgospel.com.br\/portal\/index.php\/wp-json\/wp\/v2\/users\/2"}],"replies":[{"embeddable":true,"href":"https:\/\/dgospel.com.br\/portal\/index.php\/wp-json\/wp\/v2\/comments?post=13111"}],"version-history":[{"count":1,"href":"https:\/\/dgospel.com.br\/portal\/index.php\/wp-json\/wp\/v2\/posts\/13111\/revisions"}],"predecessor-version":[{"id":13113,"href":"https:\/\/dgospel.com.br\/portal\/index.php\/wp-json\/wp\/v2\/posts\/13111\/revisions\/13113"}],"wp:featuredmedia":[{"embeddable":true,"href":"https:\/\/dgospel.com.br\/portal\/index.php\/wp-json\/wp\/v2\/media\/13112"}],"wp:attachment":[{"href":"https:\/\/dgospel.com.br\/portal\/index.php\/wp-json\/wp\/v2\/media?parent=13111"}],"wp:term":[{"taxonomy":"category","embeddable":true,"href":"https:\/\/dgospel.com.br\/portal\/index.php\/wp-json\/wp\/v2\/categories?post=13111"},{"taxonomy":"post_tag","embeddable":true,"href":"https:\/\/dgospel.com.br\/portal\/index.php\/wp-json\/wp\/v2\/tags?post=13111"}],"curies":[{"name":"wp","href":"https:\/\/api.w.org\/{rel}","templated":true}]}}