{"id":13114,"date":"2022-10-26T14:52:28","date_gmt":"2022-10-26T17:52:28","guid":{"rendered":"http:\/\/dgospel.com.br\/portal\/?p=13114"},"modified":"2022-10-26T14:52:29","modified_gmt":"2022-10-26T17:52:29","slug":"lula-esconde-do-eleitor-que-pretende-regulamentar-a-midia","status":"publish","type":"post","link":"https:\/\/dgospel.com.br\/portal\/index.php\/2022\/10\/26\/lula-esconde-do-eleitor-que-pretende-regulamentar-a-midia\/","title":{"rendered":"Lula esconde do eleitor que pretende regulamentar a m\u00eddia"},"content":{"rendered":"\n<p>A regulamenta\u00e7\u00e3o da m\u00eddia sempre foi uma das principais colunas do projeto de poder petista. Curiosamente, essa proposta desaparece dos programas do PT em \u00e9poca de elei\u00e7\u00f5es. Ainda mais neste ano, em que Lula se recusa a dizer nem que seja uma \u00fanica medida de governo que pretenda impor caso chegue ao Planalto.<\/p>\n\n\n\n<p>Mas esse cheque em branco certamente ser\u00e1 preenchido tamb\u00e9m com essas palavras proferidas pelo ex-presidente no VI Congresso de seu partido, em 2017:<\/p>\n\n\n\n<p>&#8220;Quero fazer uma campanha dizendo claramente que n\u00f3s vamos regulamentar os meios de comunica\u00e7\u00e3o nesse pa\u00eds. N\u00e3o \u00e9 poss\u00edvel nove fam\u00edlias mandarem na comunica\u00e7\u00e3o&#8221;.<\/p>\n\n\n\n<p>&#8220;Portanto, gente, eu n\u00e3o fiquei mais radical. Apenas fiquei mais maduro. Mais maduro. Porque se esses empres\u00e1rios fossem honestos, todos eles, todos eles, estariam me agradecendo pelo que eu fiz nesse pa\u00eds&#8221;.<\/p>\n\n\n\n<p>Mais claro imposs\u00edvel. Como sempre, Lula n\u00e3o esclarece em detalhes nem d\u00e1 um \u00fanico exemplo de que regulamenta\u00e7\u00e3o seria essa. Mas \u00e9 uma palavra de ordem que sempre leva sua milit\u00e2ncia \u00e0 exalta\u00e7\u00e3o.<\/p>\n\n\n\n<p>Afinal, porque o candidato de 2022 n\u00e3o profere essas palavras t\u00e3o contundentes de cinco anos atr\u00e1s? Por que sempre dribla e se esquiva quando perguntado sobre o assunto? O que est\u00e1 escondendo? Em qual Lula devemos acreditar?<\/p>\n\n\n\n<p>No fundo, todos sabemos o que significa. Soa como amea\u00e7a. E s\u00f3 pode ser isso mesmo, ou n\u00e3o estaria sendo novamente escondida nos palanques eleitorais.<\/p>\n","protected":false},"excerpt":{"rendered":"<p>A regulamenta\u00e7\u00e3o da m\u00eddia sempre foi uma das principais colunas do projeto de poder petista. Curiosamente, essa proposta desaparece dos programas do PT em \u00e9poca de elei\u00e7\u00f5es. Ainda mais neste ano, em que Lula se recusa a dizer nem que seja uma \u00fanica medida de governo que pretenda impor caso chegue ao Planalto. Mas esse [&hellip;]<\/p>\n","protected":false},"author":2,"featured_media":13115,"comment_status":"open","ping_status":"open","sticky":false,"template":"","format":"standard","meta":[],"categories":[10],"tags":[],"_links":{"self":[{"href":"https:\/\/dgospel.com.br\/portal\/index.php\/wp-json\/wp\/v2\/posts\/13114"}],"collection":[{"href":"https:\/\/dgospel.com.br\/portal\/index.php\/wp-json\/wp\/v2\/posts"}],"about":[{"href":"https:\/\/dgospel.com.br\/portal\/index.php\/wp-json\/wp\/v2\/types\/post"}],"author":[{"embeddable":true,"href":"https:\/\/dgospel.com.br\/portal\/index.php\/wp-json\/wp\/v2\/users\/2"}],"replies":[{"embeddable":true,"href":"https:\/\/dgospel.com.br\/portal\/index.php\/wp-json\/wp\/v2\/comments?post=13114"}],"version-history":[{"count":1,"href":"https:\/\/dgospel.com.br\/portal\/index.php\/wp-json\/wp\/v2\/posts\/13114\/revisions"}],"predecessor-version":[{"id":13116,"href":"https:\/\/dgospel.com.br\/portal\/index.php\/wp-json\/wp\/v2\/posts\/13114\/revisions\/13116"}],"wp:featuredmedia":[{"embeddable":true,"href":"https:\/\/dgospel.com.br\/portal\/index.php\/wp-json\/wp\/v2\/media\/13115"}],"wp:attachment":[{"href":"https:\/\/dgospel.com.br\/portal\/index.php\/wp-json\/wp\/v2\/media?parent=13114"}],"wp:term":[{"taxonomy":"category","embeddable":true,"href":"https:\/\/dgospel.com.br\/portal\/index.php\/wp-json\/wp\/v2\/categories?post=13114"},{"taxonomy":"post_tag","embeddable":true,"href":"https:\/\/dgospel.com.br\/portal\/index.php\/wp-json\/wp\/v2\/tags?post=13114"}],"curies":[{"name":"wp","href":"https:\/\/api.w.org\/{rel}","templated":true}]}}