{"id":13117,"date":"2022-10-26T14:58:25","date_gmt":"2022-10-26T17:58:25","guid":{"rendered":"http:\/\/dgospel.com.br\/portal\/?p=13117"},"modified":"2022-10-26T14:58:26","modified_gmt":"2022-10-26T17:58:26","slug":"moro-afirma-que-eleicao-de-lula-seria-mensagem-ao-pais-de-que-o-crime-compensa","status":"publish","type":"post","link":"https:\/\/dgospel.com.br\/portal\/index.php\/2022\/10\/26\/moro-afirma-que-eleicao-de-lula-seria-mensagem-ao-pais-de-que-o-crime-compensa\/","title":{"rendered":"Moro afirma que elei\u00e7\u00e3o de Lula seria\u00a0\u2018mensagem ao pa\u00eds de que o crime compensa\u2019"},"content":{"rendered":"\n<p>Eleito senador pelo estado do Paran\u00e1, o ex-juiz da Lava Jato Sergio Moro (Uni\u00e3o) afirmou em entrevista \u00e0 Jovem Pan News nesta quarta-feira (26) que a&nbsp;<a href=\"https:\/\/noticias.r7.com\/eleicoes-2022\"><strong>elei\u00e7\u00e3o<\/strong><\/a>&nbsp;de Luiz In\u00e1cio Lula da Silva (PT) seria &#8220;uma mensagem de que o crime compensa&#8221;. &#8220;Na minha opini\u00e3o, \u00e9 inaceit\u00e1vel a volta do Lula \u2014 \u00e9 claro, ele tem que ser derrotado pelos meios democr\u00e1ticos \u2014, porque, no fundo, \u00e9 uma mensagem ao pa\u00eds de que o crime compensa\u201c, disse.<\/p>\n\n\n\n<p>Aliado e ex-ministro da Justi\u00e7a e Seguran\u00e7a P\u00fablica do presidente Jair Bolsonaro (PL), Moro disse que ter\u00e1 um mandato &#8220;independente&#8221; no Senado, mas destacou a necessidade de escolher um lado no segundo turno. Para Moro, o fato de Lula poder concorrer \u00e0 Presid\u00eancia \u00e9 um &#8220;s\u00edmbolo m\u00e1ximo&#8221; da impunidade no Brasil.\u00a0<\/p>\n\n\n\n<p>Lula foi condenado na opera\u00e7\u00e3o Lava Jato em tr\u00eas inst\u00e2ncias, mas sua condena\u00e7\u00e3o foi anulada pelo STF (Supremo Tribunal Federal). &#8220;O s\u00edmbolo m\u00e1ximo da impunidade \u00e9 essa situa\u00e7\u00e3o que n\u00f3s estamos vendo hoje. Por isso que eu me posicionei nesta elei\u00e7\u00e3o muito claramente&#8221;, reafirmou.<\/p>\n\n\n\n<p>Apesar do apoio a Bolsonaro neste segundo turno, Moro reitera que ter\u00e1 um mandato &#8220;independente&#8221; no Senado, mas explica que sua escolha neste segundo turno se d\u00e1 por entender Lula como um candidato pior do que Bolsonaro.&nbsp;<\/p>\n\n\n\n<p>\u201cEu vou ser um senador independente no Paran\u00e1. N\u00e3o tive nenhum apoio do Lula nem do Bolsonaro. Fui um candidato independente, e eles tinham os pr\u00f3prios candidatos. N\u00f3s estamos em um momento crucial para a Rep\u00fablica, para a nossa democracia, no qual um candidato, que \u00e9 o Lula, foi condenado por corrup\u00e7\u00e3o em tr\u00eas inst\u00e2ncias e, ali, voc\u00ea tinha uma corrup\u00e7\u00e3o vinculada a um esquema de poder. Fala-se muito em prote\u00e7\u00e3o da democracia, e, realmente, isso \u00e9 fundamental; entretanto n\u00f3s t\u00ednhamos, ali, um esquema de corrup\u00e7\u00e3o que corro\u00eda a democracia por dentro&#8221;, afirma Moro.&nbsp;<\/p>\n","protected":false},"excerpt":{"rendered":"<p>Eleito senador pelo estado do Paran\u00e1, o ex-juiz da Lava Jato Sergio Moro (Uni\u00e3o) afirmou em entrevista \u00e0 Jovem Pan News nesta quarta-feira (26) que a&nbsp;elei\u00e7\u00e3o&nbsp;de Luiz In\u00e1cio Lula da Silva (PT) seria &#8220;uma mensagem de que o crime compensa&#8221;. &#8220;Na minha opini\u00e3o, \u00e9 inaceit\u00e1vel a volta do Lula \u2014 \u00e9 claro, ele tem que [&hellip;]<\/p>\n","protected":false},"author":2,"featured_media":13118,"comment_status":"open","ping_status":"open","sticky":false,"template":"","format":"standard","meta":[],"categories":[4],"tags":[13],"_links":{"self":[{"href":"https:\/\/dgospel.com.br\/portal\/index.php\/wp-json\/wp\/v2\/posts\/13117"}],"collection":[{"href":"https:\/\/dgospel.com.br\/portal\/index.php\/wp-json\/wp\/v2\/posts"}],"about":[{"href":"https:\/\/dgospel.com.br\/portal\/index.php\/wp-json\/wp\/v2\/types\/post"}],"author":[{"embeddable":true,"href":"https:\/\/dgospel.com.br\/portal\/index.php\/wp-json\/wp\/v2\/users\/2"}],"replies":[{"embeddable":true,"href":"https:\/\/dgospel.com.br\/portal\/index.php\/wp-json\/wp\/v2\/comments?post=13117"}],"version-history":[{"count":1,"href":"https:\/\/dgospel.com.br\/portal\/index.php\/wp-json\/wp\/v2\/posts\/13117\/revisions"}],"predecessor-version":[{"id":13119,"href":"https:\/\/dgospel.com.br\/portal\/index.php\/wp-json\/wp\/v2\/posts\/13117\/revisions\/13119"}],"wp:featuredmedia":[{"embeddable":true,"href":"https:\/\/dgospel.com.br\/portal\/index.php\/wp-json\/wp\/v2\/media\/13118"}],"wp:attachment":[{"href":"https:\/\/dgospel.com.br\/portal\/index.php\/wp-json\/wp\/v2\/media?parent=13117"}],"wp:term":[{"taxonomy":"category","embeddable":true,"href":"https:\/\/dgospel.com.br\/portal\/index.php\/wp-json\/wp\/v2\/categories?post=13117"},{"taxonomy":"post_tag","embeddable":true,"href":"https:\/\/dgospel.com.br\/portal\/index.php\/wp-json\/wp\/v2\/tags?post=13117"}],"curies":[{"name":"wp","href":"https:\/\/api.w.org\/{rel}","templated":true}]}}