{"id":13120,"date":"2022-10-26T15:01:26","date_gmt":"2022-10-26T18:01:26","guid":{"rendered":"http:\/\/dgospel.com.br\/portal\/?p=13120"},"modified":"2022-10-26T15:01:27","modified_gmt":"2022-10-26T18:01:27","slug":"servidor-do-tse-afirma-que-foi-exonerado-apos-comunicar-falha","status":"publish","type":"post","link":"https:\/\/dgospel.com.br\/portal\/index.php\/2022\/10\/26\/servidor-do-tse-afirma-que-foi-exonerado-apos-comunicar-falha\/","title":{"rendered":"Servidor do TSE afirma que foi exonerado ap\u00f3s comunicar falha"},"content":{"rendered":"\n<p>Exonerado do Tribunal Superior Eleitoral (<a href=\"http:\/\/pleno.news\/tag\/tse\" target=\"_blank\" rel=\"noreferrer noopener\">TSE<\/a>) em meio \u00e0 pol\u00eamica sobre a den\u00fancia de irregularidade na veicula\u00e7\u00e3o de propagandas eleitorais presidenciais nas r\u00e1dios, fato que teria prejudicado a campanha do presidente&nbsp;<a href=\"http:\/\/pleno.news\/tag\/jair-bolsonaro\" target=\"_blank\" rel=\"noreferrer noopener\">Jair Bolsonaro<\/a>&nbsp;(PL), o ex-servidor Alexandre Gomes Machado procurou a Pol\u00edcia Federal (PF) nesta quarta-feira (26) para prestar depoimento.<\/p>\n\n\n\n<p>No termo de declara\u00e7\u00f5es, divulgado pela coluna Radar, da revista Veja, Machado informa \u00e0 PF que foi demitido cerca de trinta minutos ap\u00f3s enviar um email para a chefe de gabinete do secret\u00e1rio-geral da Presid\u00eancia do TSE informando que uma r\u00e1dio admitiu que havia deixado de repassar em sua programa\u00e7\u00e3o cerca de 100 inser\u00e7\u00f5es da campanha de Bolsonaro.<\/p>\n\n\n\n<p>Em outro trecho, Machado, que era coordenador do pool de emissoras do TSE, disse acreditar que teria sido desligado por causa do fato de que \u201cdesde o ano de 2018 tenha informado reiteradamente ao TSE de que existem falhas de fiscaliza\u00e7\u00e3o e acompanhamento na veicula\u00e7\u00e3o de inser\u00e7\u00f5es da propaganda eleitoral gratuita\u201d.<\/p>\n\n\n\n<p>O ex-coordenador disse ter recebido um \u201cum email emitido pela emissora de r\u00e1dio JM On Line na qual a r\u00e1dio admitiu que, dos dias 7 a 10 de outubro, havia deixado de repassar em sua programa\u00e7\u00e3o 100 inser\u00e7\u00f5es da Coliga\u00e7\u00e3o Pelo Bem do Brasil\u201d, de Bolsonaro, e que informou o fato para Ludmila Maluf, chefe de gabinete do secret\u00e1rio-geral da Presid\u00eancia do TSE.<\/p>\n\n\n\n<p>\u2013 [Machado disse] que cerca de trinta minutos ap\u00f3s esta comunica\u00e7\u00e3o foi informado, pelo seu chefe imediato, de que estava sendo exonerado \u2013 informa o termo.<\/p>\n\n\n\n<p>Sobre o caso, o TSE divulgou a seguinte manifesta\u00e7\u00e3o: \u201cEm virtude do per\u00edodo eleitoral a gest\u00e3o do TSE vem realizando altera\u00e7\u00f5es gradativas em sua equipe\u201d.<\/p>\n\n\n\n<p>Confira o termo de declara\u00e7\u00e3o feito de Machado \u00e0 Pol\u00edcia Federal:<\/p>\n\n\n\n<figure class=\"wp-block-image\"><img src=\"https:\/\/static.cdn.pleno.news\/2022\/10\/Termo-de-declara%C3%A7%C3%B5es-Alexandre-Gomes-Machado.jpg\" alt=\"\" class=\"wp-image-1033220\"\/><figcaption>Termo de declara\u00e7\u00f5es Alexandre Gomes Machado&nbsp;Fot<\/figcaption><\/figure>\n","protected":false},"excerpt":{"rendered":"<p>Exonerado do Tribunal Superior Eleitoral (TSE) em meio \u00e0 pol\u00eamica sobre a den\u00fancia de irregularidade na veicula\u00e7\u00e3o de propagandas eleitorais presidenciais nas r\u00e1dios, fato que teria prejudicado a campanha do presidente&nbsp;Jair Bolsonaro&nbsp;(PL), o ex-servidor Alexandre Gomes Machado procurou a Pol\u00edcia Federal (PF) nesta quarta-feira (26) para prestar depoimento. No termo de declara\u00e7\u00f5es, divulgado pela coluna [&hellip;]<\/p>\n","protected":false},"author":2,"featured_media":13121,"comment_status":"open","ping_status":"open","sticky":false,"template":"","format":"standard","meta":[],"categories":[10],"tags":[],"_links":{"self":[{"href":"https:\/\/dgospel.com.br\/portal\/index.php\/wp-json\/wp\/v2\/posts\/13120"}],"collection":[{"href":"https:\/\/dgospel.com.br\/portal\/index.php\/wp-json\/wp\/v2\/posts"}],"about":[{"href":"https:\/\/dgospel.com.br\/portal\/index.php\/wp-json\/wp\/v2\/types\/post"}],"author":[{"embeddable":true,"href":"https:\/\/dgospel.com.br\/portal\/index.php\/wp-json\/wp\/v2\/users\/2"}],"replies":[{"embeddable":true,"href":"https:\/\/dgospel.com.br\/portal\/index.php\/wp-json\/wp\/v2\/comments?post=13120"}],"version-history":[{"count":1,"href":"https:\/\/dgospel.com.br\/portal\/index.php\/wp-json\/wp\/v2\/posts\/13120\/revisions"}],"predecessor-version":[{"id":13122,"href":"https:\/\/dgospel.com.br\/portal\/index.php\/wp-json\/wp\/v2\/posts\/13120\/revisions\/13122"}],"wp:featuredmedia":[{"embeddable":true,"href":"https:\/\/dgospel.com.br\/portal\/index.php\/wp-json\/wp\/v2\/media\/13121"}],"wp:attachment":[{"href":"https:\/\/dgospel.com.br\/portal\/index.php\/wp-json\/wp\/v2\/media?parent=13120"}],"wp:term":[{"taxonomy":"category","embeddable":true,"href":"https:\/\/dgospel.com.br\/portal\/index.php\/wp-json\/wp\/v2\/categories?post=13120"},{"taxonomy":"post_tag","embeddable":true,"href":"https:\/\/dgospel.com.br\/portal\/index.php\/wp-json\/wp\/v2\/tags?post=13120"}],"curies":[{"name":"wp","href":"https:\/\/api.w.org\/{rel}","templated":true}]}}