{"id":13123,"date":"2022-10-26T16:18:37","date_gmt":"2022-10-26T19:18:37","guid":{"rendered":"http:\/\/dgospel.com.br\/portal\/?p=13123"},"modified":"2022-10-26T16:18:39","modified_gmt":"2022-10-26T19:18:39","slug":"clamor-brasil-vai-unir-igrejas-em-oracao-pelo-pais","status":"publish","type":"post","link":"https:\/\/dgospel.com.br\/portal\/index.php\/2022\/10\/26\/clamor-brasil-vai-unir-igrejas-em-oracao-pelo-pais\/","title":{"rendered":"Clamor Brasil vai unir igrejas em ora\u00e7\u00e3o pelo pa\u00eds"},"content":{"rendered":"\n<p>Na pr\u00f3xima sexta-feira (29) acontecer\u00e1 em Bras\u00edlia o Clamor Brasil, evento marcado para \u00e0s 18h com a participa\u00e7\u00e3o de grandes l\u00edderes e cantores evang\u00e9licos.<\/p>\n\n\n\n<p>O espa\u00e7o para realiza\u00e7\u00e3o desse grande ato prof\u00e9tico ser\u00e1 a Pra\u00e7a dos Tr\u00eas Poderes, em Bras\u00edlia (DF), onde est\u00e3o localizados o Pal\u00e1cio do Planalto (poder Executivo), o Congresso Nacional (poder Legislativo) e o Supremo Tribunal Federal (poder Judici\u00e1rio).<\/p>\n\n\n\n<p>Entre os pastores confirmados para a festividade temos: Andr\u00e9 Fernandes, Lucas Teo, Fadi Faraj, Robson Rodovalho, JB Carvalho, Ezente Rodrigues, M\u00e1rcio Valad\u00e3o, Guilherme Batista, Gilberto Ara\u00fajo, Gustavo Paiva e outros.<\/p>\n\n\n\n<p>Entre os cantores que s\u00e3o esperados neste grande dia de clamor est\u00e3o: Isaias Saad, Felipe Vivela, Marcelo Markes e Andr\u00e9 Aquino.<\/p>\n\n\n\n<p>Ao convocar seus seguidores para participar deste evento prof\u00e9tico, o pastor Andr\u00e9 Fernandes declarou:<\/p>\n\n\n\n<p>\u2013 Eu quero muito ver voc\u00ea l\u00e1. Voc\u00ea que entende o momento que a gente est\u00e1 vivendo, a seriedade de tudo que est\u00e1 acontecendo. Eu quero que a gente se una para orar. N\u00e3o sei se voc\u00ea tem percebido, mas o Brasil tem sido dividido em duas partes e o nosso chamado n\u00e3o \u00e9 para causar divis\u00e3o. Nosso chamado \u00e9 para trazer a unidade.<\/p>\n","protected":false},"excerpt":{"rendered":"<p>Na pr\u00f3xima sexta-feira (29) acontecer\u00e1 em Bras\u00edlia o Clamor Brasil, evento marcado para \u00e0s 18h com a participa\u00e7\u00e3o de grandes l\u00edderes e cantores evang\u00e9licos. O espa\u00e7o para realiza\u00e7\u00e3o desse grande ato prof\u00e9tico ser\u00e1 a Pra\u00e7a dos Tr\u00eas Poderes, em Bras\u00edlia (DF), onde est\u00e3o localizados o Pal\u00e1cio do Planalto (poder Executivo), o Congresso Nacional (poder Legislativo) [&hellip;]<\/p>\n","protected":false},"author":2,"featured_media":13124,"comment_status":"open","ping_status":"open","sticky":false,"template":"","format":"standard","meta":[],"categories":[5],"tags":[],"_links":{"self":[{"href":"https:\/\/dgospel.com.br\/portal\/index.php\/wp-json\/wp\/v2\/posts\/13123"}],"collection":[{"href":"https:\/\/dgospel.com.br\/portal\/index.php\/wp-json\/wp\/v2\/posts"}],"about":[{"href":"https:\/\/dgospel.com.br\/portal\/index.php\/wp-json\/wp\/v2\/types\/post"}],"author":[{"embeddable":true,"href":"https:\/\/dgospel.com.br\/portal\/index.php\/wp-json\/wp\/v2\/users\/2"}],"replies":[{"embeddable":true,"href":"https:\/\/dgospel.com.br\/portal\/index.php\/wp-json\/wp\/v2\/comments?post=13123"}],"version-history":[{"count":1,"href":"https:\/\/dgospel.com.br\/portal\/index.php\/wp-json\/wp\/v2\/posts\/13123\/revisions"}],"predecessor-version":[{"id":13125,"href":"https:\/\/dgospel.com.br\/portal\/index.php\/wp-json\/wp\/v2\/posts\/13123\/revisions\/13125"}],"wp:featuredmedia":[{"embeddable":true,"href":"https:\/\/dgospel.com.br\/portal\/index.php\/wp-json\/wp\/v2\/media\/13124"}],"wp:attachment":[{"href":"https:\/\/dgospel.com.br\/portal\/index.php\/wp-json\/wp\/v2\/media?parent=13123"}],"wp:term":[{"taxonomy":"category","embeddable":true,"href":"https:\/\/dgospel.com.br\/portal\/index.php\/wp-json\/wp\/v2\/categories?post=13123"},{"taxonomy":"post_tag","embeddable":true,"href":"https:\/\/dgospel.com.br\/portal\/index.php\/wp-json\/wp\/v2\/tags?post=13123"}],"curies":[{"name":"wp","href":"https:\/\/api.w.org\/{rel}","templated":true}]}}