{"id":13126,"date":"2022-10-26T16:21:27","date_gmt":"2022-10-26T19:21:27","guid":{"rendered":"http:\/\/dgospel.com.br\/portal\/?p=13126"},"modified":"2022-10-26T16:21:28","modified_gmt":"2022-10-26T19:21:28","slug":"brasmarket-bolsonaro-536-x-464-lula-nos-votos-validos-no-2o-turno","status":"publish","type":"post","link":"https:\/\/dgospel.com.br\/portal\/index.php\/2022\/10\/26\/brasmarket-bolsonaro-536-x-464-lula-nos-votos-validos-no-2o-turno\/","title":{"rendered":"Brasmarket: Bolsonaro 53,6% x 46,4% Lula nos votos v\u00e1lidos no 2\u00ba turno"},"content":{"rendered":"\n<p>Em nova pesquisa de inten\u00e7\u00e3o de voto, divulgada nesta quarta-feira (26\/10), o\u00a0<a rel=\"noreferrer noopener\" href=\"https:\/\/www.correiobraziliense.com.br\/politica\/2022\/10\/5045622-brasmarket-aponta-virada-de-bolsonaro-no-segundo-turno-com-527-dos-votos.html\" target=\"_blank\">Instituto Brasmarket<\/a>\u00a0aponta que o presidente Jair Bolsonaro (PL), candidato \u00e0 reelei\u00e7\u00e3o, lidera a disputa pelo Pal\u00e1cio do Planalto neste segundo turno. Nos votos v\u00e1lidos, m\u00e9trica utilizada pelo Tribunal Superior Eleitoral (TSE) para divulga\u00e7\u00e3o dos resultados, Bolsonaro tem 53,6% contra 46,4% do ex-presidente Luiz In\u00e1cio Lula da Silva (PT).<\/p>\n\n\n\n<p>Na pesquisa anterior, divulgada na segunda-feira (24\/10), Bolsonaro tinha 53,3% dos votos v\u00e1lidos contra 46,7%. Ou seja, a varia\u00e7\u00e3o de cada candidato foi de 0,3 ponto percentual, dentro da margem de erro da pesquisa.<\/p>\n\n\n\n<p>Na modalidade estimulada, Bolsonaro tem 48%. E Lula, 41,5%. Brancos e nulos somam 4,6%. Os indecisos representam 2,8%, e 3% dizem que n\u00e3o v\u00e3o votar.<\/p>\n\n\n\n<p>O levantamento foi realizado entre 21 e 25 de outubro, com 2.400 entrevistas em 529 cidades das cinco regi\u00f5es do pa\u00eds. O n\u00edvel de confiabilidade \u00e9 de 95% e a margem de erro estimada \u00e9 de 2 pontos percentuais. A pesquisa est\u00e1 registrada no Tribunal Superior Eleitoral sob o n\u00famero BR-08584\/2022 \u2014 no site do TSE consta, no entanto, que seriam realizadas 800 entrevistas. Foi autofinanciada pela Brasmarket An\u00e1lise e Investiga\u00e7\u00e3o de Mercado, ao custo de R$ 32 mil.<\/p>\n\n\n\n<p>Das 2,4 mil entrevistas realizadas, 53,1% s\u00e3o mulheres e 46,9%, homens. A distribui\u00e7\u00e3o por faixa et\u00e1ria est\u00e1 distribu\u00edda assim: de 16 a 24 anos (14%); de 25 a 44 anos (20,2%); de 35 a 44 anos (20,9%); de 45 a 49 anos (24%); de 60 ou mais anos (20,9%). J\u00e1 em rela\u00e7\u00e3o ao grau de instru\u00e7\u00e3o, 11,3% dos entrevistados s\u00e3o analfabetos, 30% t\u00eam o ensino fundamental completo, 42,8% completaram o ensino m\u00e9dio e 16% t\u00eam o ensino superior (completo\/incompleto). Por renda familiar, a distribui\u00e7\u00e3o ocorreu da seguinte forma: 60,3% ganham at\u00e9 um sal\u00e1rio m\u00ednimo; 20,4% de um a dois m\u00ednimos; 12,7% de dois a cinco m\u00ednimos; mais de cinco m\u00ednimos representam 6,6%.<\/p>\n\n\n\n<h3>Como ser\u00e1 no dia do segundo turno das elei\u00e7\u00f5es<\/h3>\n\n\n\n<p><strong>Dia e hor\u00e1rio de vota\u00e7\u00e3o<\/strong>: o segundo turno ser\u00e1 no domingo (30\/10), das 8h \u00e0s 17h, no hor\u00e1rio de Bras\u00edlia. A divulga\u00e7\u00e3o da apura\u00e7\u00e3o dos votos deve come\u00e7ar logo ap\u00f3s o fechamento das urnas.<\/p>\n\n\n\n<p><strong>Onde votar<\/strong>: o eleitor pode conferir&nbsp;<a href=\"https:\/\/www.tse.jus.br\/eleitor\/titulo-e-local-de-votacao\/consulta-por-nome\" target=\"_blank\" rel=\"noreferrer noopener\">o local de vota\u00e7\u00e3o no site do TSE<\/a>. Ou&nbsp;<a href=\"https:\/\/www.justicaeleitoral.jus.br\/titulo-eleitoral\/#sobre-e-titulo\" target=\"_blank\" rel=\"noreferrer noopener\">por meio do aplicativo e-T\u00edtulo<\/a>, acessando &#8220;onde votar&#8221;.<\/p>\n\n\n\n<p><strong>Quem deve votar<\/strong>: todos os brasileiros alfabetizados, entre 18 e 70 anos, s\u00e3o obrigados a votar no dia da vota\u00e7\u00e3o. O voto \u00e9 facultativo apenas para quem tem entre 16 e 18 anos, pessoas com mais de 70 anos e analfabetos.<\/p>\n\n\n\n<p>Fonte: correiobraziliense<\/p>\n","protected":false},"excerpt":{"rendered":"<p>Em nova pesquisa de inten\u00e7\u00e3o de voto, divulgada nesta quarta-feira (26\/10), o\u00a0Instituto Brasmarket\u00a0aponta que o presidente Jair Bolsonaro (PL), candidato \u00e0 reelei\u00e7\u00e3o, lidera a disputa pelo Pal\u00e1cio do Planalto neste segundo turno. Nos votos v\u00e1lidos, m\u00e9trica utilizada pelo Tribunal Superior Eleitoral (TSE) para divulga\u00e7\u00e3o dos resultados, Bolsonaro tem 53,6% contra 46,4% do ex-presidente Luiz In\u00e1cio [&hellip;]<\/p>\n","protected":false},"author":2,"featured_media":13127,"comment_status":"open","ping_status":"open","sticky":false,"template":"","format":"standard","meta":[],"categories":[4],"tags":[13],"_links":{"self":[{"href":"https:\/\/dgospel.com.br\/portal\/index.php\/wp-json\/wp\/v2\/posts\/13126"}],"collection":[{"href":"https:\/\/dgospel.com.br\/portal\/index.php\/wp-json\/wp\/v2\/posts"}],"about":[{"href":"https:\/\/dgospel.com.br\/portal\/index.php\/wp-json\/wp\/v2\/types\/post"}],"author":[{"embeddable":true,"href":"https:\/\/dgospel.com.br\/portal\/index.php\/wp-json\/wp\/v2\/users\/2"}],"replies":[{"embeddable":true,"href":"https:\/\/dgospel.com.br\/portal\/index.php\/wp-json\/wp\/v2\/comments?post=13126"}],"version-history":[{"count":1,"href":"https:\/\/dgospel.com.br\/portal\/index.php\/wp-json\/wp\/v2\/posts\/13126\/revisions"}],"predecessor-version":[{"id":13128,"href":"https:\/\/dgospel.com.br\/portal\/index.php\/wp-json\/wp\/v2\/posts\/13126\/revisions\/13128"}],"wp:featuredmedia":[{"embeddable":true,"href":"https:\/\/dgospel.com.br\/portal\/index.php\/wp-json\/wp\/v2\/media\/13127"}],"wp:attachment":[{"href":"https:\/\/dgospel.com.br\/portal\/index.php\/wp-json\/wp\/v2\/media?parent=13126"}],"wp:term":[{"taxonomy":"category","embeddable":true,"href":"https:\/\/dgospel.com.br\/portal\/index.php\/wp-json\/wp\/v2\/categories?post=13126"},{"taxonomy":"post_tag","embeddable":true,"href":"https:\/\/dgospel.com.br\/portal\/index.php\/wp-json\/wp\/v2\/tags?post=13126"}],"curies":[{"name":"wp","href":"https:\/\/api.w.org\/{rel}","templated":true}]}}