{"id":13129,"date":"2022-10-27T08:34:24","date_gmt":"2022-10-27T11:34:24","guid":{"rendered":"http:\/\/dgospel.com.br\/portal\/?p=13129"},"modified":"2022-10-27T08:34:26","modified_gmt":"2022-10-27T11:34:26","slug":"pl-diz-que-entregou-materiais-para-radios-dentro-do-prazo-do-tse","status":"publish","type":"post","link":"https:\/\/dgospel.com.br\/portal\/index.php\/2022\/10\/27\/pl-diz-que-entregou-materiais-para-radios-dentro-do-prazo-do-tse\/","title":{"rendered":"PL diz que entregou materiais para r\u00e1dios dentro do prazo do TSE"},"content":{"rendered":"\n<p>O PL emitiu uma resposta na noite desta quarta-feira (26) afirmando que fez as entregas de materiais para as r\u00e1dios dentro dos prazos e condi\u00e7\u00f5es estabelecidos em resolu\u00e7\u00e3o do Tribunal Superior Eleitoral (TSE). O PL ainda aponta que o TSE seria o \u00f3rg\u00e3o respons\u00e1vel por enviar esses materiais para as emissoras, garantindo as inser\u00e7\u00f5es.<\/p>\n\n\n\n<p>Em nota, o partido diz que os documentos que comprovam os envios foram encaminhados para o setor jur\u00eddico da campanha.<\/p>\n\n\n\n<p>A resposta da sigla surge ap\u00f3s o TSE informar, tamb\u00e9m nesta quarta-feira (26), que n\u00e3o realiza a distribui\u00e7\u00e3o de propaganda eleitoral de candidatos. As inser\u00e7\u00f5es tanto para r\u00e1dio quanto para televis\u00e3o devem ser encaminhadas ao pool de emissoras, e os ve\u00edculos devem se planejar para acessar as m\u00eddias e cumprir a legisla\u00e7\u00e3o na divulga\u00e7\u00e3o do material.<\/p>\n\n\n\n<p>De acordo com a resolu\u00e7\u00e3o do tribunal que disp\u00f5e sobre propaganda eleitoral, na hip\u00f3tese de algum partido n\u00e3o entregar o mapa de m\u00eddia indicando a inser\u00e7\u00e3o, &#8220;as emissoras de r\u00e1dio e de televis\u00e3o poder\u00e3o transmitir qualquer inser\u00e7\u00e3o anteriormente entregue que n\u00e3o tenha sido obstada por ordem judicial&#8221;.<\/p>\n\n\n\n<h3>Servidor exonerado<\/h3>\n\n\n\n<p>O servidor do TSE Alexandre Gomes Machado disse que foi exonerado 30 minutos depois de ter informado sobre problemas na fiscaliza\u00e7\u00e3o de inser\u00e7\u00f5es em r\u00e1dios por parte do tribunal. Machado afirmou que foi v\u00edtima de abuso de autoridade e que teme por sua integridade f\u00edsica.<\/p>\n\n\n\n<p>A r\u00e1dio citada pelo servidor em depoimento \u00e0 Pol\u00edcia Federal afirmou que parou de exibir as propagandas eleitorais por causa da interrup\u00e7\u00e3o do envio dos materiais. A JM FM, de Uberaba (MG), alegou ter acionado a corte nesta \u00faltima semana de campanha eleitoral para pedir orienta\u00e7\u00e3o sobre como proceder.<\/p>\n\n\n\n<p>Veja nota na \u00edntegra:<\/p>\n\n\n\n<figure class=\"wp-block-image\"><img src=\"https:\/\/img.r7.com\/images\/nota-do-pl-26102022200554164?dimensions=771x420\" alt=\"Nota do PL sobre o caso das inser\u00e7\u00f5es de propaganda eleitoral nas r\u00e1dios\" title=\"Nota do PL sobre o caso das inser\u00e7\u00f5es de propaganda eleitoral nas r\u00e1dios\"\/><figcaption>Nota do PL sobre o caso das inser\u00e7\u00f5es de propaganda eleitoral nas r\u00e1dios<br>DIVULGA\u00c7\u00c3O\/PL<\/figcaption><\/figure>\n","protected":false},"excerpt":{"rendered":"<p>O PL emitiu uma resposta na noite desta quarta-feira (26) afirmando que fez as entregas de materiais para as r\u00e1dios dentro dos prazos e condi\u00e7\u00f5es estabelecidos em resolu\u00e7\u00e3o do Tribunal Superior Eleitoral (TSE). O PL ainda aponta que o TSE seria o \u00f3rg\u00e3o respons\u00e1vel por enviar esses materiais para as emissoras, garantindo as inser\u00e7\u00f5es. Em [&hellip;]<\/p>\n","protected":false},"author":2,"featured_media":13130,"comment_status":"open","ping_status":"open","sticky":false,"template":"","format":"standard","meta":[],"categories":[10],"tags":[13],"_links":{"self":[{"href":"https:\/\/dgospel.com.br\/portal\/index.php\/wp-json\/wp\/v2\/posts\/13129"}],"collection":[{"href":"https:\/\/dgospel.com.br\/portal\/index.php\/wp-json\/wp\/v2\/posts"}],"about":[{"href":"https:\/\/dgospel.com.br\/portal\/index.php\/wp-json\/wp\/v2\/types\/post"}],"author":[{"embeddable":true,"href":"https:\/\/dgospel.com.br\/portal\/index.php\/wp-json\/wp\/v2\/users\/2"}],"replies":[{"embeddable":true,"href":"https:\/\/dgospel.com.br\/portal\/index.php\/wp-json\/wp\/v2\/comments?post=13129"}],"version-history":[{"count":1,"href":"https:\/\/dgospel.com.br\/portal\/index.php\/wp-json\/wp\/v2\/posts\/13129\/revisions"}],"predecessor-version":[{"id":13131,"href":"https:\/\/dgospel.com.br\/portal\/index.php\/wp-json\/wp\/v2\/posts\/13129\/revisions\/13131"}],"wp:featuredmedia":[{"embeddable":true,"href":"https:\/\/dgospel.com.br\/portal\/index.php\/wp-json\/wp\/v2\/media\/13130"}],"wp:attachment":[{"href":"https:\/\/dgospel.com.br\/portal\/index.php\/wp-json\/wp\/v2\/media?parent=13129"}],"wp:term":[{"taxonomy":"category","embeddable":true,"href":"https:\/\/dgospel.com.br\/portal\/index.php\/wp-json\/wp\/v2\/categories?post=13129"},{"taxonomy":"post_tag","embeddable":true,"href":"https:\/\/dgospel.com.br\/portal\/index.php\/wp-json\/wp\/v2\/tags?post=13129"}],"curies":[{"name":"wp","href":"https:\/\/api.w.org\/{rel}","templated":true}]}}