{"id":13132,"date":"2022-10-27T08:37:00","date_gmt":"2022-10-27T11:37:00","guid":{"rendered":"http:\/\/dgospel.com.br\/portal\/?p=13132"},"modified":"2022-10-27T08:37:01","modified_gmt":"2022-10-27T11:37:01","slug":"bolsonaro-critica-moraes-e-diz-que-vai-recorrer-de-decisao-sobre-radios","status":"publish","type":"post","link":"https:\/\/dgospel.com.br\/portal\/index.php\/2022\/10\/27\/bolsonaro-critica-moraes-e-diz-que-vai-recorrer-de-decisao-sobre-radios\/","title":{"rendered":"Bolsonaro critica Moraes e diz que vai recorrer de decis\u00e3o sobre r\u00e1dios"},"content":{"rendered":"\n<p>O presidente\u00a0<a rel=\"noreferrer noopener\" href=\"https:\/\/noticias.r7.com\/eleicoes-2022\/veja-destaques-da-sabatina-com-jair-bolsonaro-na-record-tv-24102022\" target=\"_blank\">Jair Bolsonaro (PL)<\/a>\u00a0criticou na noite desta quarta-feira (26) a decis\u00e3o do ministro Alexandre de Moraes, que negou \u00e0 campanha dele o prosseguimento de uma a\u00e7\u00e3o sobre as supostas inser\u00e7\u00f5es de propaganda eleitoral desequilibradas em favor do ex-presidente\u00a0<a rel=\"noreferrer noopener\" href=\"https:\/\/noticias.r7.com\/eleicoes-2022\/bolsonaro-tem-533-e-lula-467-dos-votos-validos-aponta-brasmarket-24102022\" target=\"_blank\">Luiz In\u00e1cio Lula da Silva (PT)<\/a>\u00a0em r\u00e1dios. Ele disse que vai recorrer.<\/p>\n\n\n\n<p>&#8220;Certamente, ou com toda certeza, as inser\u00e7\u00f5es fizeram a diferen\u00e7a. Ou poderiam ter feito a diferen\u00e7a. N\u00e3o existe outro fatos que poderemos levar em tempo neste momento. O senhor presidente do TSE recebeu as provas em tempo h\u00e1bil. Nos surpreende o senhor Alexandre de Moraes simplesmente inverter o processo&#8221;, afirmou.<\/p>\n\n\n\n<p>&#8220;No que depender de mim, ser\u00e1 contratada esta auditoria para uma terceira prova, se bem que nem precisava de outra prova. Sempre queremos e lutaremos por democracia, por respeito \u00e0 constitui\u00e7\u00e3o e por respeito ao Estado democr\u00e1tico de direito. As elei\u00e7\u00f5es est\u00e3o a\u00ed, mas sabemos que um lado, que \u00e9 o meu lado, foi muito prejudicado&#8221;, disse.<\/p>\n\n\n\n<p>As declara\u00e7\u00f5es foram realizadas em entrevista no Pal\u00e1cio do Alvorada, em Bras\u00edlia. Al\u00e9m do chefe do Executivo, estavam presentes no local ministros de Estado, que foram convocados por Bolsonaro no final da tarde.<\/p>\n\n\n\n<p>A campanha do presidente questionou eventuais irregularidades em inser\u00e7\u00f5es de propaganda em r\u00e1dios do Nordeste e de outras regi\u00f5es do pa\u00eds. Foram apresentadas na corte planilhas com os nomes de emissoras de r\u00e1dios onde as campanhas teriam deixado de ser veiculadas. Al\u00e9m disso, foram enviados arquivos de \u00e1udio, gravados a partir da programa\u00e7\u00e3o dos ve\u00edculos de comunica\u00e7\u00e3o, al\u00e9m de um relat\u00f3rio feito por uma empresa de monitoramento.<\/p>\n\n\n\n<p>No entanto, o presidente do TSE, ministro Alexandre de Moraes, recusou a a\u00e7\u00e3o por falta de provas. Na decis\u00e3o, o magistrado afirmou que n\u00e3o foram apresentados os nomes das emissoras, dias e hor\u00e1rios em que teriam ocorrido as irregularidades. Al\u00e9m disso, ele tamb\u00e9m encaminhou os documentos apresentados para inclus\u00e3o no inqu\u00e9rito que investiga a organiza\u00e7\u00e3o de mil\u00edcias digitais.<\/p>\n\n\n\n<p>&#8220;No caso dos autos, conforme enfatizado, os autores nem sequer indicaram de forma precisa quais as emissoras que estariam supostamente descumprindo a&nbsp;legisla\u00e7\u00e3o eleitoral, limitando-se a coligir relat\u00f3rios ou listagens de cunho absolutamente gen\u00e9rico e indeterminado. Repita-se que a empresa respons\u00e1vel pelo relat\u00f3rio apresentado nos autos, conforme documenta\u00e7\u00e3o acostada pelos pr\u00f3prios autores, n\u00e3o tem atua\u00e7\u00e3o na \u00e1rea de auditoria&#8221;, escreveu o ministro.<\/p>\n","protected":false},"excerpt":{"rendered":"<p>O presidente\u00a0Jair Bolsonaro (PL)\u00a0criticou na noite desta quarta-feira (26) a decis\u00e3o do ministro Alexandre de Moraes, que negou \u00e0 campanha dele o prosseguimento de uma a\u00e7\u00e3o sobre as supostas inser\u00e7\u00f5es de propaganda eleitoral desequilibradas em favor do ex-presidente\u00a0Luiz In\u00e1cio Lula da Silva (PT)\u00a0em r\u00e1dios. Ele disse que vai recorrer. &#8220;Certamente, ou com toda certeza, as [&hellip;]<\/p>\n","protected":false},"author":2,"featured_media":13133,"comment_status":"open","ping_status":"open","sticky":false,"template":"","format":"standard","meta":[],"categories":[4],"tags":[13],"_links":{"self":[{"href":"https:\/\/dgospel.com.br\/portal\/index.php\/wp-json\/wp\/v2\/posts\/13132"}],"collection":[{"href":"https:\/\/dgospel.com.br\/portal\/index.php\/wp-json\/wp\/v2\/posts"}],"about":[{"href":"https:\/\/dgospel.com.br\/portal\/index.php\/wp-json\/wp\/v2\/types\/post"}],"author":[{"embeddable":true,"href":"https:\/\/dgospel.com.br\/portal\/index.php\/wp-json\/wp\/v2\/users\/2"}],"replies":[{"embeddable":true,"href":"https:\/\/dgospel.com.br\/portal\/index.php\/wp-json\/wp\/v2\/comments?post=13132"}],"version-history":[{"count":1,"href":"https:\/\/dgospel.com.br\/portal\/index.php\/wp-json\/wp\/v2\/posts\/13132\/revisions"}],"predecessor-version":[{"id":13134,"href":"https:\/\/dgospel.com.br\/portal\/index.php\/wp-json\/wp\/v2\/posts\/13132\/revisions\/13134"}],"wp:featuredmedia":[{"embeddable":true,"href":"https:\/\/dgospel.com.br\/portal\/index.php\/wp-json\/wp\/v2\/media\/13133"}],"wp:attachment":[{"href":"https:\/\/dgospel.com.br\/portal\/index.php\/wp-json\/wp\/v2\/media?parent=13132"}],"wp:term":[{"taxonomy":"category","embeddable":true,"href":"https:\/\/dgospel.com.br\/portal\/index.php\/wp-json\/wp\/v2\/categories?post=13132"},{"taxonomy":"post_tag","embeddable":true,"href":"https:\/\/dgospel.com.br\/portal\/index.php\/wp-json\/wp\/v2\/tags?post=13132"}],"curies":[{"name":"wp","href":"https:\/\/api.w.org\/{rel}","templated":true}]}}