{"id":13135,"date":"2022-10-27T08:39:33","date_gmt":"2022-10-27T11:39:33","guid":{"rendered":"http:\/\/dgospel.com.br\/portal\/?p=13135"},"modified":"2022-10-27T08:39:35","modified_gmt":"2022-10-27T11:39:35","slug":"deputados-pedem-criacao-de-cpi-para-investigar-insercoes","status":"publish","type":"post","link":"https:\/\/dgospel.com.br\/portal\/index.php\/2022\/10\/27\/deputados-pedem-criacao-de-cpi-para-investigar-insercoes\/","title":{"rendered":"Deputados pedem cria\u00e7\u00e3o de CPI para investigar inser\u00e7\u00f5es"},"content":{"rendered":"\n<p>Seis deputados federais propuseram nesta quarta-feira (26) a cria\u00e7\u00e3o de uma Comiss\u00e3o Parlamentar de Inqu\u00e9rito (CPI) que tem como objetivo investigar as inser\u00e7\u00f5es de propagandas eleitorais gratuitas durante o per\u00edodo de campanha eleitoral.<\/p>\n\n\n\n<p>Assinam o pedido os parlamentares Jos\u00e9 Medeiros (PL-RN), Caroline de Toni (PL-SC), Diego Garcia (Republicanos-PR), Carla Zambelli (PL-SP), Carlos Jordy (PL-RJ) e Capit\u00e3o Derrite (PL-SP).<\/p>\n\n\n\n<p>Agora eles v\u00e3o trabalhar para conseguir as 171 assinaturas necess\u00e1rias para dar entrada no pedido e assim iniciar os trabalhos da CPI.<\/p>\n\n\n\n<p>Al\u00e9m dos relat\u00f3rios que mostram a diferen\u00e7a de inser\u00e7\u00f5es em r\u00e1dios entre os dois candidatos \u00e0 Presid\u00eancia nos estados do Norte e Nordeste, hoje a campanha de Jair Bolsonaro publicou tamb\u00e9m um relat\u00f3rio sobre as r\u00e1dios de Minas Gerais.<\/p>\n\n\n\n<p>A r\u00e1dio JM Online, de Uberaba (MG) chegou a notificar o TSE de que n\u00e3o estava recebendo materiais de Bolsonaro. Deixando de levar ao ar 100 inser\u00e7\u00f5es do candidato \u00e0 reelei\u00e7\u00e3o.<\/p>\n","protected":false},"excerpt":{"rendered":"<p>Seis deputados federais propuseram nesta quarta-feira (26) a cria\u00e7\u00e3o de uma Comiss\u00e3o Parlamentar de Inqu\u00e9rito (CPI) que tem como objetivo investigar as inser\u00e7\u00f5es de propagandas eleitorais gratuitas durante o per\u00edodo de campanha eleitoral. Assinam o pedido os parlamentares Jos\u00e9 Medeiros (PL-RN), Caroline de Toni (PL-SC), Diego Garcia (Republicanos-PR), Carla Zambelli (PL-SP), Carlos Jordy (PL-RJ) e [&hellip;]<\/p>\n","protected":false},"author":2,"featured_media":13136,"comment_status":"open","ping_status":"open","sticky":false,"template":"","format":"standard","meta":[],"categories":[8],"tags":[],"_links":{"self":[{"href":"https:\/\/dgospel.com.br\/portal\/index.php\/wp-json\/wp\/v2\/posts\/13135"}],"collection":[{"href":"https:\/\/dgospel.com.br\/portal\/index.php\/wp-json\/wp\/v2\/posts"}],"about":[{"href":"https:\/\/dgospel.com.br\/portal\/index.php\/wp-json\/wp\/v2\/types\/post"}],"author":[{"embeddable":true,"href":"https:\/\/dgospel.com.br\/portal\/index.php\/wp-json\/wp\/v2\/users\/2"}],"replies":[{"embeddable":true,"href":"https:\/\/dgospel.com.br\/portal\/index.php\/wp-json\/wp\/v2\/comments?post=13135"}],"version-history":[{"count":1,"href":"https:\/\/dgospel.com.br\/portal\/index.php\/wp-json\/wp\/v2\/posts\/13135\/revisions"}],"predecessor-version":[{"id":13137,"href":"https:\/\/dgospel.com.br\/portal\/index.php\/wp-json\/wp\/v2\/posts\/13135\/revisions\/13137"}],"wp:featuredmedia":[{"embeddable":true,"href":"https:\/\/dgospel.com.br\/portal\/index.php\/wp-json\/wp\/v2\/media\/13136"}],"wp:attachment":[{"href":"https:\/\/dgospel.com.br\/portal\/index.php\/wp-json\/wp\/v2\/media?parent=13135"}],"wp:term":[{"taxonomy":"category","embeddable":true,"href":"https:\/\/dgospel.com.br\/portal\/index.php\/wp-json\/wp\/v2\/categories?post=13135"},{"taxonomy":"post_tag","embeddable":true,"href":"https:\/\/dgospel.com.br\/portal\/index.php\/wp-json\/wp\/v2\/tags?post=13135"}],"curies":[{"name":"wp","href":"https:\/\/api.w.org\/{rel}","templated":true}]}}