{"id":1314,"date":"2018-09-13T15:46:05","date_gmt":"2018-09-13T18:46:05","guid":{"rendered":"http:\/\/dgospel.com.br\/portal\/?p=1314"},"modified":"2018-09-13T15:46:05","modified_gmt":"2018-09-13T18:46:05","slug":"meu-pai-esta-pagando-um-preco-alto-pelo-brasil-diz-filho-de-bolsonaro-apos-nova-cirurgia","status":"publish","type":"post","link":"https:\/\/dgospel.com.br\/portal\/index.php\/2018\/09\/13\/meu-pai-esta-pagando-um-preco-alto-pelo-brasil-diz-filho-de-bolsonaro-apos-nova-cirurgia\/","title":{"rendered":"\u201cMeu pai est\u00e1 pagando um pre\u00e7o alto pelo Brasil\u201d, diz filho de Bolsonaro ap\u00f3s nova cirurgia"},"content":{"rendered":"<p><a href=\"https:\/\/guiame.com.br\/gospel\/videos\/jair-bolsonaro-confessa-jesus-cristo-e-se-batiza-no-rio-jordao-assista.html\"><strong>Jair Bolsonaro<\/strong><\/a>, candidato \u00e0 Presid\u00eancia da Rep\u00fablica pelo PSL, foi submetido a uma cirurgia de emerg\u00eancia no intestino na noite de quarta-feira (12), mas evolui bem, segundo o boletim m\u00e9dico divulgado na manh\u00e3 desta quinta (13) pelo Hospital Albert Einstein.<\/p>\n<p>A cirurgia, que durou cerca de uma hora, foi bem-sucedida e terminou por volta das 23h30. Ap\u00f3s o procedimento, Bolsonaro foi levado para a UTI e passa bem. Ele n\u00e3o sentiu dores nem teve n\u00e1usea durante a madrugada.<\/p>\n<p>Flavio Bolsonaro, um dos filhos do candidato, fez um post nas redes sociais sobre a cirurgia. \u201cA cirurgia de emerg\u00eancia acabou bem, gra\u00e7as a Deus! Meu pai est\u00e1 pagando um pre\u00e7o muito alto por querer resgatar o Brasil, est\u00e1 literalmente dando seu sangue\u201d, disse no Twitter.<\/p>\n<p>No Instagram, o pastor Silas Malafaia declarou seu apoio e fez uma ora\u00e7\u00e3o por Bolsonaro. \u201cA esquerda brasileira diz que ele est\u00e1 fingindo, que foi um \u2018ferimentozinho\u2019 de nada. Eu estive no hospital, a faca entrou 15 cent\u00edmetros. Nada est\u00e1 acontecendo \u00e0 toa. Deus est\u00e1 no controle e sabe de tudo\u201d, declarou.<\/p>\n<p><strong>Diagn\u00f3stico<\/strong><\/p>\n<p>Jair Bolsonaro est\u00e1 internado desde sexta (7) na Zona Sul de S\u00e3o Paulo, ap\u00f3s ser\u00a0<a href=\"https:\/\/guiame.com.br\/gospel\/noticias\/deus-agiu-e-desviou-faca-diz-filho-de-jair-bolsonaro-apos-ataque.html\"><strong>v\u00edtima de uma facada<\/strong><\/a>\u00a0durante ato de campanha em Juiz de Fora, Minas Gerais.<\/p>\n<p>O Hospital Albert Einstein informou que o candidato teve \u201cdistens\u00e3o abdominal progressiva e n\u00e1useas\u201d, e precisou passar por uma tomografia no abd\u00f4men. O exame identificou presen\u00e7a de ader\u00eancia obstruindo o intestino delgado e a solu\u00e7\u00e3o era cir\u00fargica.<\/p>\n<p>Inicialmente, a previs\u00e3o era que a interna\u00e7\u00e3o durasse entre sete e dez dias. Com a nova cirurgia, m\u00e9dicos e parentes do presidenci\u00e1vel disseram que a alta deve ser adiada.<\/p>\n<p>Depois de sair do hospital, Bolsonaro ser\u00e1 submetido a outra cirurgia de grande porte para \u201creconstruir o tr\u00e2nsito intestinal e retirar a bolsa de colostomia\u201d, que j\u00e1 estava prevista antes do procedimento de emerg\u00eancia.<\/p>\n<p>Segundo m\u00e9dicos, a cirurgia s\u00f3 deve acontecer daqui a dois meses. Nesse meio tempo, Bolsonaro seguir\u00e1 com a bolsa externa ligada \u00e0 barriga.<\/p>\n<p>Fonte:\u00a0guiame<\/p>\n","protected":false},"excerpt":{"rendered":"<p>Jair Bolsonaro, candidato \u00e0 Presid\u00eancia da Rep\u00fablica pelo PSL, foi submetido a uma cirurgia de emerg\u00eancia no intestino na noite de quarta-feira (12), mas evolui bem, segundo o boletim m\u00e9dico divulgado na manh\u00e3 desta quinta (13) pelo Hospital Albert Einstein. A cirurgia, que durou cerca de uma hora, foi bem-sucedida e terminou por volta das [&hellip;]<\/p>\n","protected":false},"author":2,"featured_media":1315,"comment_status":"open","ping_status":"open","sticky":false,"template":"","format":"standard","meta":[],"categories":[2,6,4],"tags":[],"_links":{"self":[{"href":"https:\/\/dgospel.com.br\/portal\/index.php\/wp-json\/wp\/v2\/posts\/1314"}],"collection":[{"href":"https:\/\/dgospel.com.br\/portal\/index.php\/wp-json\/wp\/v2\/posts"}],"about":[{"href":"https:\/\/dgospel.com.br\/portal\/index.php\/wp-json\/wp\/v2\/types\/post"}],"author":[{"embeddable":true,"href":"https:\/\/dgospel.com.br\/portal\/index.php\/wp-json\/wp\/v2\/users\/2"}],"replies":[{"embeddable":true,"href":"https:\/\/dgospel.com.br\/portal\/index.php\/wp-json\/wp\/v2\/comments?post=1314"}],"version-history":[{"count":1,"href":"https:\/\/dgospel.com.br\/portal\/index.php\/wp-json\/wp\/v2\/posts\/1314\/revisions"}],"predecessor-version":[{"id":1316,"href":"https:\/\/dgospel.com.br\/portal\/index.php\/wp-json\/wp\/v2\/posts\/1314\/revisions\/1316"}],"wp:featuredmedia":[{"embeddable":true,"href":"https:\/\/dgospel.com.br\/portal\/index.php\/wp-json\/wp\/v2\/media\/1315"}],"wp:attachment":[{"href":"https:\/\/dgospel.com.br\/portal\/index.php\/wp-json\/wp\/v2\/media?parent=1314"}],"wp:term":[{"taxonomy":"category","embeddable":true,"href":"https:\/\/dgospel.com.br\/portal\/index.php\/wp-json\/wp\/v2\/categories?post=1314"},{"taxonomy":"post_tag","embeddable":true,"href":"https:\/\/dgospel.com.br\/portal\/index.php\/wp-json\/wp\/v2\/tags?post=1314"}],"curies":[{"name":"wp","href":"https:\/\/api.w.org\/{rel}","templated":true}]}}