{"id":13142,"date":"2022-10-27T10:57:53","date_gmt":"2022-10-27T13:57:53","guid":{"rendered":"http:\/\/dgospel.com.br\/portal\/?p=13142"},"modified":"2022-10-27T10:57:55","modified_gmt":"2022-10-27T13:57:55","slug":"grupo-de-advogados-aciona-pgr-pelo-adiamento-das-eleicoes","status":"publish","type":"post","link":"https:\/\/dgospel.com.br\/portal\/index.php\/2022\/10\/27\/grupo-de-advogados-aciona-pgr-pelo-adiamento-das-eleicoes\/","title":{"rendered":"Grupo de advogados aciona PGR pelo adiamento das elei\u00e7\u00f5es"},"content":{"rendered":"\n<p>O Instituto Nacional de Advocacia (Inad) acionou a Procuradoria-geral da Rep\u00fablica (PGR) solicitando que a entidade entre com uma a\u00e7\u00e3o no Tribunal Superior Eleitoral (TSE) para que as elei\u00e7\u00f5es sejam adiadas. A justificativa se baseia na den\u00fancia do ministro das Comunica\u00e7\u00f5es, F\u00e1bio Faria, de que milhares de inser\u00e7\u00f5es da campanha do presidente Jair Bolsonaro (PL) teriam deixado de ser veiculadas pelas r\u00e1dios.<\/p>\n\n\n\n<p>\u2013 Como a diferen\u00e7a de tempo disponibilizado ao candidato Lula foi muito superior ao tempo disponibilizado ao presidente Jair Bolsonaro, e considerando que restam apenas tr\u00eas dias para o 2\u00ba turno das elei\u00e7\u00f5es, inexistindo tempo h\u00e1bil para a minimiza\u00e7\u00e3o dos preju\u00edzos para a chapa do presidente Bolsonaro, acreditamos que n\u00e3o h\u00e1 outra solu\u00e7\u00e3o a ser tomada que n\u00e3o seja a do adiamento das elei\u00e7\u00f5es presidenciais para a investiga\u00e7\u00e3o do fato \u2013 diz a nota.<\/p>\n\n\n\n<p>Os advogados pontuam que n\u00e3o deve existir pressa para a conclus\u00e3o do pleito se ainda existir d\u00favidas em rela\u00e7\u00e3o \u00e0 idoneidade do processo. O documento ainda diz que a falta de equil\u00edbrio entre as inser\u00e7\u00f5es podem prejudicar a isonomia das elei\u00e7\u00f5es.<\/p>\n\n\n\n<p>Nesta quarta-feira (26), o ministro Alexandre de Moraes, presidente do TSE, negou o pedido apresentando pela campanha do presidente para investigar irregularidades em inser\u00e7\u00f5es de r\u00e1dios. O ministro considerou que os dados apresentados \u00e0 Corte pelo candidato \u00e0 reelei\u00e7\u00e3o \u201cs\u00e3o inconsistentes\u201d.<\/p>\n\n\n\n<p>Ao negar o pedido de investiga\u00e7\u00e3o, Moraes apontou que os \u201cerros e inconsist\u00eancias apresentados nessa pequena amostragem de oito r\u00e1dios\u2019 s\u00e3o patentes\u201d. Al\u00e9m disso, ele declarou que \u201cdiante de discrep\u00e2ncias t\u00e3o gritantes, esses dados jamais poderiam ser chamados de \u2018prova\u2019 ou \u2018auditoria\u2019\u201d.<\/p>\n\n\n\n<p>O segundo turno das elei\u00e7\u00f5es est\u00e1 marcado para acontecer este domingo (30).<\/p>\n","protected":false},"excerpt":{"rendered":"<p>O Instituto Nacional de Advocacia (Inad) acionou a Procuradoria-geral da Rep\u00fablica (PGR) solicitando que a entidade entre com uma a\u00e7\u00e3o no Tribunal Superior Eleitoral (TSE) para que as elei\u00e7\u00f5es sejam adiadas. A justificativa se baseia na den\u00fancia do ministro das Comunica\u00e7\u00f5es, F\u00e1bio Faria, de que milhares de inser\u00e7\u00f5es da campanha do presidente Jair Bolsonaro (PL) [&hellip;]<\/p>\n","protected":false},"author":2,"featured_media":13143,"comment_status":"open","ping_status":"open","sticky":false,"template":"","format":"standard","meta":[],"categories":[10],"tags":[],"_links":{"self":[{"href":"https:\/\/dgospel.com.br\/portal\/index.php\/wp-json\/wp\/v2\/posts\/13142"}],"collection":[{"href":"https:\/\/dgospel.com.br\/portal\/index.php\/wp-json\/wp\/v2\/posts"}],"about":[{"href":"https:\/\/dgospel.com.br\/portal\/index.php\/wp-json\/wp\/v2\/types\/post"}],"author":[{"embeddable":true,"href":"https:\/\/dgospel.com.br\/portal\/index.php\/wp-json\/wp\/v2\/users\/2"}],"replies":[{"embeddable":true,"href":"https:\/\/dgospel.com.br\/portal\/index.php\/wp-json\/wp\/v2\/comments?post=13142"}],"version-history":[{"count":1,"href":"https:\/\/dgospel.com.br\/portal\/index.php\/wp-json\/wp\/v2\/posts\/13142\/revisions"}],"predecessor-version":[{"id":13144,"href":"https:\/\/dgospel.com.br\/portal\/index.php\/wp-json\/wp\/v2\/posts\/13142\/revisions\/13144"}],"wp:featuredmedia":[{"embeddable":true,"href":"https:\/\/dgospel.com.br\/portal\/index.php\/wp-json\/wp\/v2\/media\/13143"}],"wp:attachment":[{"href":"https:\/\/dgospel.com.br\/portal\/index.php\/wp-json\/wp\/v2\/media?parent=13142"}],"wp:term":[{"taxonomy":"category","embeddable":true,"href":"https:\/\/dgospel.com.br\/portal\/index.php\/wp-json\/wp\/v2\/categories?post=13142"},{"taxonomy":"post_tag","embeddable":true,"href":"https:\/\/dgospel.com.br\/portal\/index.php\/wp-json\/wp\/v2\/tags?post=13142"}],"curies":[{"name":"wp","href":"https:\/\/api.w.org\/{rel}","templated":true}]}}