{"id":13145,"date":"2022-10-27T11:01:03","date_gmt":"2022-10-27T14:01:03","guid":{"rendered":"http:\/\/dgospel.com.br\/portal\/?p=13145"},"modified":"2022-10-27T11:01:04","modified_gmt":"2022-10-27T14:01:04","slug":"taxa-de-desemprego-cai-a-87-no-terceiro-trimestre-o-menor-nivel-desde-2015","status":"publish","type":"post","link":"https:\/\/dgospel.com.br\/portal\/index.php\/2022\/10\/27\/taxa-de-desemprego-cai-a-87-no-terceiro-trimestre-o-menor-nivel-desde-2015\/","title":{"rendered":"Taxa de desemprego cai a 8,7% no terceiro trimestre, o menor n\u00edvel desde 2015"},"content":{"rendered":"\n<p>O desemprego no Brasil segue em queda e chegou a 8,7% no trimestre encerrado em setembro. O percentual \u00e9 o menor apurado desde julho de 2015 (8,4%), mostram dados divulgados nesta quinta-feira (27) pelo&nbsp;<strong>IBGE (Instituto Brasileiro de Geografia e Estat\u00edstica)<\/strong>.<\/p>\n\n\n\n<p>Com o recuo de 0,6 ponto percentual da taxa de desocupa\u00e7\u00e3o, a&nbsp;<strong>quantidade de profissionais ainda fora da for\u00e7a de trabalho equivale a 9,5 milh\u00f5es de pessoas<\/strong>, o&nbsp;<strong>menor volume desde o trimestre finalizado em dezembro de 2015<\/strong>. O patamar representa uma queda de&nbsp;6,2% (menos 621 mil pessoas) no trimestre e de 29,7% (menos 4 milh\u00f5es) em 2022.<\/p>\n\n\n\n<p>Para Adriana Beringuy, coordenadora do estudo, a retra\u00e7\u00e3o da taxa de desemprego segue influenciada pela manuten\u00e7\u00e3o do crescimento da popula\u00e7\u00e3o ocupada, que\u00a0<strong>supera os 99,3 milh\u00f5es<\/strong>, um novo recorde na s\u00e9rie hist\u00f3rica da\u00a0<strong>PNAD Cont\u00ednua (Pesquisa Nacional por Amostra de Domic\u00edlios)<\/strong>, iniciada em 2012.<\/p>\n\n\n\n<p>O dado equivale a um&nbsp;<strong>crecimento de 1% (mais 1 milh\u00e3o) de profissionais ocupados no trimestre<\/strong>&nbsp;e de 6,8% (mais 6,3 milh\u00f5es) no acumulado do ano. J\u00e1 a taxa&nbsp;<strong>composta de subutiliza\u00e7\u00e3o (20,1%)<\/strong>, que avalia insufici\u00eancia de horas trabalhadas ou na for\u00e7a de trabalho potencial, foi a menor desde o trimestre terminado em maio de 2016 e totaliza 23,4 milh\u00f5es de pessoas.<\/p>\n\n\n\n<p>Entre os grupos de atividades, a administra\u00e7\u00e3o p\u00fablica, defesa, seguridade social, educa\u00e7\u00e3o, sa\u00fade humana e servi\u00e7os sociais (1,8%, ou mais 315 mil pessoas) e outros servi\u00e7os (6,8%, ou mais 348 mil pessoas)&nbsp;cresceram, na compara\u00e7\u00e3o trimestral. Os&nbsp;<strong>demais segmentos permanecem est\u00e1veis<\/strong>.&nbsp;<\/p>\n\n\n\n<p>Adriana destaca que&nbsp;<strong>com\u00e9rcio, administra\u00e7\u00e3o p\u00fablica e outros servi\u00e7os v\u00eam sobressaindo desde junho<\/strong>. &#8220;Nesse trimestre, o com\u00e9rcio, embora tenha ficado est\u00e1vel, ainda mant\u00e9m um contingente bastante importante e permanece sendo uma importante atividade na absor\u00e7\u00e3o de m\u00e3o de obra, com mais de 19 milh\u00f5es de pessoas\u201d, diz ela.<\/p>\n\n\n\n<h3>Carteira assinada<\/h3>\n\n\n\n<p>Os n\u00fameros do IBGE refor\u00e7am ainda aqueles apresentados pelo&nbsp;<strong>Caged (Cadastro Geral de Empregados e Desempregados)<\/strong>, do Minist\u00e9rio da Economia. De acordo com a Pnad,&nbsp;houve crescimento de 1,3% no n\u00famero de empregados com carteira de trabalho assinada em rela\u00e7\u00e3o ao trimestre anterior, chegando a 36,3 milh\u00f5es de pessoas. Na compara\u00e7\u00e3o anual, o contingente cresceu 8,2%.<\/p>\n\n\n\n<p>J\u00e1 o&nbsp;<strong>n\u00famero de empregados sem carteira assinada no setor privado (13,2 milh\u00f5es de pessoas) foi o maior da s\u00e9rie hist\u00f3rica<\/strong>, iniciada em 2012, apresentando estabilidade no trimestre e eleva\u00e7\u00e3o de 13,0% (1,5 milh\u00e3o de pessoas) no ano.<\/p>\n\n\n\n<p>O&nbsp;<strong>n\u00famero de trabalhadores do setor p\u00fablico tamb\u00e9m atingiu o maior n\u00edvel da s\u00e9rie hist\u00f3rica (12,2 milh\u00f5es)<\/strong>, volume 2,5% (291 mil pessoas) maior no terceiro trimestre. Tal aumento, puxado pelos empregados no setor p\u00fablico sem carteira assinada (3,1 milh\u00f5es), tamb\u00e9m chegou ao recorde ap\u00f3s alta de 11,6% (317 mil pessoas) no trimestre e de 35,4% (799 mil pessoas) no ano.<\/p>\n\n\n\n<p>\u201cTemos observado um ritmo acelerado no setor p\u00fablico nos \u00faltimos tr\u00eas trimestres em fun\u00e7\u00e3o, principalmente, da recupera\u00e7\u00e3o do segmento de educa\u00e7\u00e3o e sa\u00fade\u201d, destaca Adriana Beringuy, coordenadora da Pnad.<\/p>\n\n\n\n<h3>Informalidade<\/h3>\n\n\n\n<p>No per\u00edodo entre julho e setembro, a&nbsp;<strong>taxa de informalidade alcan\u00e7ou 39,4% da popula\u00e7\u00e3o ocupada<\/strong>, contra 40% no trimestre anterior e 40,6% no mesmo trimestre de 2021. O n\u00famero de trabalhadores informais chegou a 39,1 milh\u00f5es.<\/p>\n","protected":false},"excerpt":{"rendered":"<p>O desemprego no Brasil segue em queda e chegou a 8,7% no trimestre encerrado em setembro. O percentual \u00e9 o menor apurado desde julho de 2015 (8,4%), mostram dados divulgados nesta quinta-feira (27) pelo&nbsp;IBGE (Instituto Brasileiro de Geografia e Estat\u00edstica). Com o recuo de 0,6 ponto percentual da taxa de desocupa\u00e7\u00e3o, a&nbsp;quantidade de profissionais ainda [&hellip;]<\/p>\n","protected":false},"author":2,"featured_media":13146,"comment_status":"open","ping_status":"open","sticky":false,"template":"","format":"standard","meta":[],"categories":[10],"tags":[],"_links":{"self":[{"href":"https:\/\/dgospel.com.br\/portal\/index.php\/wp-json\/wp\/v2\/posts\/13145"}],"collection":[{"href":"https:\/\/dgospel.com.br\/portal\/index.php\/wp-json\/wp\/v2\/posts"}],"about":[{"href":"https:\/\/dgospel.com.br\/portal\/index.php\/wp-json\/wp\/v2\/types\/post"}],"author":[{"embeddable":true,"href":"https:\/\/dgospel.com.br\/portal\/index.php\/wp-json\/wp\/v2\/users\/2"}],"replies":[{"embeddable":true,"href":"https:\/\/dgospel.com.br\/portal\/index.php\/wp-json\/wp\/v2\/comments?post=13145"}],"version-history":[{"count":1,"href":"https:\/\/dgospel.com.br\/portal\/index.php\/wp-json\/wp\/v2\/posts\/13145\/revisions"}],"predecessor-version":[{"id":13147,"href":"https:\/\/dgospel.com.br\/portal\/index.php\/wp-json\/wp\/v2\/posts\/13145\/revisions\/13147"}],"wp:featuredmedia":[{"embeddable":true,"href":"https:\/\/dgospel.com.br\/portal\/index.php\/wp-json\/wp\/v2\/media\/13146"}],"wp:attachment":[{"href":"https:\/\/dgospel.com.br\/portal\/index.php\/wp-json\/wp\/v2\/media?parent=13145"}],"wp:term":[{"taxonomy":"category","embeddable":true,"href":"https:\/\/dgospel.com.br\/portal\/index.php\/wp-json\/wp\/v2\/categories?post=13145"},{"taxonomy":"post_tag","embeddable":true,"href":"https:\/\/dgospel.com.br\/portal\/index.php\/wp-json\/wp\/v2\/tags?post=13145"}],"curies":[{"name":"wp","href":"https:\/\/api.w.org\/{rel}","templated":true}]}}