{"id":13148,"date":"2022-10-27T11:12:23","date_gmt":"2022-10-27T14:12:23","guid":{"rendered":"http:\/\/dgospel.com.br\/portal\/?p=13148"},"modified":"2022-10-27T11:12:24","modified_gmt":"2022-10-27T14:12:24","slug":"rubens-uchoa-solicita-ao-executivo-municipal-que-providencie-patrulhamento-no-jardim-aureny-iv","status":"publish","type":"post","link":"https:\/\/dgospel.com.br\/portal\/index.php\/2022\/10\/27\/rubens-uchoa-solicita-ao-executivo-municipal-que-providencie-patrulhamento-no-jardim-aureny-iv\/","title":{"rendered":"Rubens Uch\u00f4a solicita ao Executivo Municipal que providencie patrulhamento no Jardim Aureny IV"},"content":{"rendered":"\n<p>O vereador Rubens Uch\u00f4a (Uni\u00e3o Brasil), solicitou atrav\u00e9s de requerimento, que o Poder Executivo Municipal providencie patrulhamento da Guarda Metropolitana ou da Pol\u00edcia Militar (PM), para o Jardim Aureny IV, localizado na regi\u00e3o Sul de Palmas.<\/p>\n\n\n\n<p>De acordo com vereador, os comerciantes e moradores pedem por mais seguran\u00e7a no local.<\/p>\n\n\n\n<p>\u201cPrecisamos reverter essa situa\u00e7\u00e3o, os moradores solicitam por mais seguran\u00e7a no setor\u201d, disse o parlamentar.<\/p>\n","protected":false},"excerpt":{"rendered":"<p>O vereador Rubens Uch\u00f4a (Uni\u00e3o Brasil), solicitou atrav\u00e9s de requerimento, que o Poder Executivo Municipal providencie patrulhamento da Guarda Metropolitana ou da Pol\u00edcia Militar (PM), para o Jardim Aureny IV, localizado na regi\u00e3o Sul de Palmas. De acordo com vereador, os comerciantes e moradores pedem por mais seguran\u00e7a no local. \u201cPrecisamos reverter essa situa\u00e7\u00e3o, os [&hellip;]<\/p>\n","protected":false},"author":2,"featured_media":13149,"comment_status":"open","ping_status":"open","sticky":false,"template":"","format":"standard","meta":[],"categories":[8],"tags":[],"_links":{"self":[{"href":"https:\/\/dgospel.com.br\/portal\/index.php\/wp-json\/wp\/v2\/posts\/13148"}],"collection":[{"href":"https:\/\/dgospel.com.br\/portal\/index.php\/wp-json\/wp\/v2\/posts"}],"about":[{"href":"https:\/\/dgospel.com.br\/portal\/index.php\/wp-json\/wp\/v2\/types\/post"}],"author":[{"embeddable":true,"href":"https:\/\/dgospel.com.br\/portal\/index.php\/wp-json\/wp\/v2\/users\/2"}],"replies":[{"embeddable":true,"href":"https:\/\/dgospel.com.br\/portal\/index.php\/wp-json\/wp\/v2\/comments?post=13148"}],"version-history":[{"count":1,"href":"https:\/\/dgospel.com.br\/portal\/index.php\/wp-json\/wp\/v2\/posts\/13148\/revisions"}],"predecessor-version":[{"id":13150,"href":"https:\/\/dgospel.com.br\/portal\/index.php\/wp-json\/wp\/v2\/posts\/13148\/revisions\/13150"}],"wp:featuredmedia":[{"embeddable":true,"href":"https:\/\/dgospel.com.br\/portal\/index.php\/wp-json\/wp\/v2\/media\/13149"}],"wp:attachment":[{"href":"https:\/\/dgospel.com.br\/portal\/index.php\/wp-json\/wp\/v2\/media?parent=13148"}],"wp:term":[{"taxonomy":"category","embeddable":true,"href":"https:\/\/dgospel.com.br\/portal\/index.php\/wp-json\/wp\/v2\/categories?post=13148"},{"taxonomy":"post_tag","embeddable":true,"href":"https:\/\/dgospel.com.br\/portal\/index.php\/wp-json\/wp\/v2\/tags?post=13148"}],"curies":[{"name":"wp","href":"https:\/\/api.w.org\/{rel}","templated":true}]}}