{"id":13157,"date":"2022-10-27T15:39:25","date_gmt":"2022-10-27T18:39:25","guid":{"rendered":"http:\/\/dgospel.com.br\/portal\/?p=13157"},"modified":"2022-10-27T15:39:26","modified_gmt":"2022-10-27T18:39:26","slug":"pt-apaga-texto-de-resolucao-em-que-pedia-tribunal-de-excecao","status":"publish","type":"post","link":"https:\/\/dgospel.com.br\/portal\/index.php\/2022\/10\/27\/pt-apaga-texto-de-resolucao-em-que-pedia-tribunal-de-excecao\/","title":{"rendered":"PT apaga texto de resolu\u00e7\u00e3o em que pedia tribunal de exce\u00e7\u00e3o"},"content":{"rendered":"\n<p>Ap\u00f3s causar pol\u00eamica por pedir a institui\u00e7\u00e3o de um tribunal de exce\u00e7\u00e3o contra o presidente&nbsp;<a href=\"http:\/\/pleno.news\/tag\/jair-bolsonaro\" target=\"_blank\" rel=\"noreferrer noopener\">Jair Bolsonaro<\/a>&nbsp;(PL), o PT excluiu de seu site o texto que descrevia as resolu\u00e7\u00f5es definidas no Encontro Nacional de Direitos Humanos, evento petista que aconteceu em dezembro do ano passado. Na publica\u00e7\u00e3o, a legenda falava em instituir um tribunal \u201cpara julgar Bolsonaro e seus c\u00famplices\u201d.<\/p>\n\n\n\n<p>Um texto com todas as resolu\u00e7\u00f5es definidas no evento tinha sido publicado na p\u00e1gina oficial do PT internet no dia 29 de abril deste ano, mas foi removido posteriormente ap\u00f3s a forte repercuss\u00e3o contra o conte\u00fado. No entanto, \u00e9 poss\u00edvel acess\u00e1-lo em sites que salvam vers\u00f5es anteriores de p\u00e1ginas da web, como o\u00a0<a rel=\"noreferrer noopener\" href=\"https:\/\/archive.ph\/FF4S6\" target=\"_blank\">archive.today<\/a>\u00a0ou o\u00a0<a rel=\"noreferrer noopener\" href=\"https:\/\/web.archive.org\/web\/20221025205219\/https:\/\/pt.org.br\/blog-secretarias\/resolucoes-do-encontro-nacional-de-direitos-humanos-do-pt\/\" target=\"_blank\">Internet Archive<\/a>.<\/p>\n\n\n\n<p>Em um dos trechos da resolu\u00e7\u00e3o, intitulado \u201celementos para um programa de governo comprometido com os direitos humanos\u201d, o PT dizia esbo\u00e7ar uma \u201cplataforma m\u00ednima de direitos humanos para contribuir no desenho\u201d do que seria a campanha de Lula neste ano. No texto, a sigla afirmava que uma das prioridades era justamente instituir um tribunal de exce\u00e7\u00e3o contra Bolsonaro.<\/p>\n\n\n\n<p>\u2013 Instituir uma pol\u00edtica de repara\u00e7\u00e3o e puni\u00e7\u00e3o. Mem\u00f3ria, Verdade e Justi\u00e7a. Processar e punir os respons\u00e1veis pelo genoc\u00eddio (Covid), criar uma pol\u00edtica de promo\u00e7\u00e3o da mem\u00f3ria, da verdade, com a cria\u00e7\u00e3o de uma justi\u00e7a de transi\u00e7\u00e3o. Tribunal de Manaus para julgar Bolsonaro e seus c\u00famplices \u2013 aponta um dos itens da resolu\u00e7\u00e3o.<\/p>\n\n\n\n<figure class=\"wp-block-image\"><img src=\"https:\/\/static.cdn.pleno.news\/2022\/10\/Texto-que-estava-dispon%C3%ADvel-no-site-do-PT.jpg\" alt=\"\" class=\"wp-image-1033899\"\/><figcaption>Texto que estava dispon\u00edvel no site do PT&nbsp;Foto: Reprodu\u00e7\u00e3o\/Site PT<\/figcaption><\/figure>\n\n\n\n<p>O que ocorre, por\u00e9m, \u00e9 que os chamados tribunais de exce\u00e7\u00e3o, designa\u00e7\u00e3o dada aos ju\u00edzos que s\u00e3o criados de forma excepcional, ou seja, fora da regra comum e em um momento posterior ao fato a ser julgado, s\u00e3o expressamente proibidos na Constitui\u00e7\u00e3o Federal.<\/p>\n\n\n\n<p>O mais not\u00f3rio caso desse mecanismo foi o chamado Tribunal de Nuremberg, que foi criado ap\u00f3s a 2\u00aa Guerra Mundial. A Corte foi respons\u00e1vel pelo julgamento de lideran\u00e7as do partido nazista alem\u00e3o. A institui\u00e7\u00e3o, por\u00e9m, foi questionada em raz\u00e3o de n\u00e3o ter respeitado o princ\u00edpio da legalidade, ou seja, a proibi\u00e7\u00e3o de leis que recaiam sobre fatos anteriores a sua ocorr\u00eancia.<\/p>\n","protected":false},"excerpt":{"rendered":"<p>Ap\u00f3s causar pol\u00eamica por pedir a institui\u00e7\u00e3o de um tribunal de exce\u00e7\u00e3o contra o presidente&nbsp;Jair Bolsonaro&nbsp;(PL), o PT excluiu de seu site o texto que descrevia as resolu\u00e7\u00f5es definidas no Encontro Nacional de Direitos Humanos, evento petista que aconteceu em dezembro do ano passado. Na publica\u00e7\u00e3o, a legenda falava em instituir um tribunal \u201cpara julgar [&hellip;]<\/p>\n","protected":false},"author":2,"featured_media":13158,"comment_status":"open","ping_status":"open","sticky":false,"template":"","format":"standard","meta":[],"categories":[10],"tags":[],"_links":{"self":[{"href":"https:\/\/dgospel.com.br\/portal\/index.php\/wp-json\/wp\/v2\/posts\/13157"}],"collection":[{"href":"https:\/\/dgospel.com.br\/portal\/index.php\/wp-json\/wp\/v2\/posts"}],"about":[{"href":"https:\/\/dgospel.com.br\/portal\/index.php\/wp-json\/wp\/v2\/types\/post"}],"author":[{"embeddable":true,"href":"https:\/\/dgospel.com.br\/portal\/index.php\/wp-json\/wp\/v2\/users\/2"}],"replies":[{"embeddable":true,"href":"https:\/\/dgospel.com.br\/portal\/index.php\/wp-json\/wp\/v2\/comments?post=13157"}],"version-history":[{"count":1,"href":"https:\/\/dgospel.com.br\/portal\/index.php\/wp-json\/wp\/v2\/posts\/13157\/revisions"}],"predecessor-version":[{"id":13159,"href":"https:\/\/dgospel.com.br\/portal\/index.php\/wp-json\/wp\/v2\/posts\/13157\/revisions\/13159"}],"wp:featuredmedia":[{"embeddable":true,"href":"https:\/\/dgospel.com.br\/portal\/index.php\/wp-json\/wp\/v2\/media\/13158"}],"wp:attachment":[{"href":"https:\/\/dgospel.com.br\/portal\/index.php\/wp-json\/wp\/v2\/media?parent=13157"}],"wp:term":[{"taxonomy":"category","embeddable":true,"href":"https:\/\/dgospel.com.br\/portal\/index.php\/wp-json\/wp\/v2\/categories?post=13157"},{"taxonomy":"post_tag","embeddable":true,"href":"https:\/\/dgospel.com.br\/portal\/index.php\/wp-json\/wp\/v2\/tags?post=13157"}],"curies":[{"name":"wp","href":"https:\/\/api.w.org\/{rel}","templated":true}]}}