{"id":13160,"date":"2022-10-27T15:51:05","date_gmt":"2022-10-27T18:51:05","guid":{"rendered":"http:\/\/dgospel.com.br\/portal\/?p=13160"},"modified":"2022-10-27T15:51:06","modified_gmt":"2022-10-27T18:51:06","slug":"em-visita-oficial-ao-governo-do-tocantins-ministro-da-infraestrutura-garante-federalizacao-da-to-010","status":"publish","type":"post","link":"https:\/\/dgospel.com.br\/portal\/index.php\/2022\/10\/27\/em-visita-oficial-ao-governo-do-tocantins-ministro-da-infraestrutura-garante-federalizacao-da-to-010\/","title":{"rendered":"Em visita oficial ao Governo do Tocantins, ministro da Infraestrutura garante federaliza\u00e7\u00e3o da TO-010"},"content":{"rendered":"\n<p>Na manh\u00e3 desta quinta-feira, 27, o ministro da Infraestrutura, Marcelo Sampaio, esteve com o governador do Tocantins, Wanderlei Barbosa, firmando compromissos quanto \u00e0 federaliza\u00e7\u00e3o da rodovia TO-010, entre outras a\u00e7\u00f5es, visando melhorias na malha vi\u00e1ria, ferrovi\u00e1ria e a\u00e9rea do Estado. Ap\u00f3s a reuni\u00e3o, o Governador e o Ministro seguiram at\u00e9 a TO-010, em visita, para acompanhar de perto as obras de recupera\u00e7\u00e3o que j\u00e1 v\u00eam sendo realizadas pelo Governo do Tocantins.<\/p>\n\n\n\n<p>\u201cA grande not\u00edcia \u00e9 que n\u00f3s batemos o martelo e, no dia 15 de dezembro, estarei de volta ao Tocantins para assinar a federaliza\u00e7\u00e3o da TO-010, conectando definitivamente a \u00faltima capital brasileira a uma rodovia federal\u201d, afirmou Marcelo Sampaio.<\/p>\n\n\n\n<p>Mesmo com a federaliza\u00e7\u00e3o da rodovia, o governador Wanderlei Barbosa garantiu que continuar\u00e1 a recupera\u00e7\u00e3o da TO-010 com recursos estaduais, que j\u00e1 est\u00e1 em finaliza\u00e7\u00e3o. \u201cEstamos fazendo o dever de casa, executando obras estruturantes. Vamos organizar o Estado, pois este \u00e9 o compromisso do nosso Governo\u201d, afirmou Wanderlei Barbosa.<\/p>\n\n\n\n<p>A reuni\u00e3o sediada no Gabinete do Governador contou com a presen\u00e7a dos secret\u00e1rios de Estado e representantes do Poder Legislativo. Na ocasi\u00e3o, o Governo do Tocantins recebeu informa\u00e7\u00f5es atualizadas sobre a atua\u00e7\u00e3o da Ecovias do Araguaia, concession\u00e1ria \u00e0 frente da concess\u00e3o de parte da BR-153; conversou sobre a viabilidade de duplica\u00e7\u00e3o de trecho da rodovia que segue para o Norte do Pa\u00eds; sobre a conex\u00e3o da Ferrovia Norte-Sul e seus parques multimodais ao Porto de Santos (SP) que, segundo Marcelo Sampaio, j\u00e1 ocorrer\u00e1 no in\u00edcio do pr\u00f3ximo ano; al\u00e9m da possibilidade de expans\u00e3o da malha vi\u00e1ria tocantinense.<\/p>\n\n\n\n<p><strong>Aeroporto no Jalap\u00e3o<\/strong><\/p>\n\n\n\n<p>Em rela\u00e7\u00e3o \u00e0 constru\u00e7\u00e3o de um aeroporto no Jalap\u00e3o, Marcelo Sampaio afirmou j\u00e1 possuir recurso reservado com a Secretaria de Avia\u00e7\u00e3o Civil para dar in\u00edcio aos projetos. \u201cA gente tem investido R$ 1,2 bilh\u00e3o na avia\u00e7\u00e3o regional nesses \u00faltimos tr\u00eas anos. Nessa quarta, 26, batemos o recorde de n\u00fameros de aeroportos com voo comercial regular no pa\u00eds e queremos que a avia\u00e7\u00e3o regional chegue mais forte, tamb\u00e9m, no Tocantins\u201d, informou Marcelo Sampaio, citando que a obra fomentar\u00e1 e incentivar\u00e1 o turismo na regi\u00e3o.<\/p>\n\n\n\n<p>Sobre a obra do aeroporto do Jalap\u00e3o, Wanderlei Barbosa se mostrou confiante. No encontro, o Governador relembrou de obras importantes na regi\u00e3o, como a recupera\u00e7\u00e3o de estradas, al\u00e9m da constru\u00e7\u00e3o de uma nova rodovia com extens\u00e3o at\u00e9 S\u00e3o F\u00e9lix do Tocantins. \u201cFico feliz quando falo da rodovia que liga Pedro Afonso ao Piau\u00ed, porque esta estrada contempla Lizarda e tira muitos munic\u00edpios do isolamento relacionado ao asfalto\u201d, enfatizou o Governador.<\/p>\n\n\n\n<p><\/p>\n\n\n\n<p><img src=\"https:\/\/central.to.gov.br\/image\/307177?w=670&amp;h=383\"><\/p>\n\n\n\n<p>Ap\u00f3s a reuni\u00e3o, Governador e ministro seguiram at\u00e9 a TO-010 para acompanhar as obras de recupera\u00e7\u00e3o que j\u00e1 v\u00eam sendo realizadas pelo Governo do Tocantins &#8211; Ant\u00f4nio Gon\u00e7alves\/Governo do Tocantins<\/p>\n\n\n\n<p><img src=\"https:\/\/central.to.gov.br\/image\/307178?w=670&amp;h=383\"><\/p>\n\n\n\n<p>Marcelo Sampaio afirma que recursos da Secretaria de Avia\u00e7\u00e3o Civil poder\u00e3o ser destinados para a constru\u00e7\u00e3o de aeroporto no Jalap\u00e3o &#8211; Ant\u00f4nio Gon\u00e7alves\/Governo do Tocantins<\/p>\n","protected":false},"excerpt":{"rendered":"<p>Na manh\u00e3 desta quinta-feira, 27, o ministro da Infraestrutura, Marcelo Sampaio, esteve com o governador do Tocantins, Wanderlei Barbosa, firmando compromissos quanto \u00e0 federaliza\u00e7\u00e3o da rodovia TO-010, entre outras a\u00e7\u00f5es, visando melhorias na malha vi\u00e1ria, ferrovi\u00e1ria e a\u00e9rea do Estado. Ap\u00f3s a reuni\u00e3o, o Governador e o Ministro seguiram at\u00e9 a TO-010, em visita, para [&hellip;]<\/p>\n","protected":false},"author":2,"featured_media":13161,"comment_status":"open","ping_status":"open","sticky":false,"template":"","format":"standard","meta":[],"categories":[3],"tags":[13],"_links":{"self":[{"href":"https:\/\/dgospel.com.br\/portal\/index.php\/wp-json\/wp\/v2\/posts\/13160"}],"collection":[{"href":"https:\/\/dgospel.com.br\/portal\/index.php\/wp-json\/wp\/v2\/posts"}],"about":[{"href":"https:\/\/dgospel.com.br\/portal\/index.php\/wp-json\/wp\/v2\/types\/post"}],"author":[{"embeddable":true,"href":"https:\/\/dgospel.com.br\/portal\/index.php\/wp-json\/wp\/v2\/users\/2"}],"replies":[{"embeddable":true,"href":"https:\/\/dgospel.com.br\/portal\/index.php\/wp-json\/wp\/v2\/comments?post=13160"}],"version-history":[{"count":1,"href":"https:\/\/dgospel.com.br\/portal\/index.php\/wp-json\/wp\/v2\/posts\/13160\/revisions"}],"predecessor-version":[{"id":13162,"href":"https:\/\/dgospel.com.br\/portal\/index.php\/wp-json\/wp\/v2\/posts\/13160\/revisions\/13162"}],"wp:featuredmedia":[{"embeddable":true,"href":"https:\/\/dgospel.com.br\/portal\/index.php\/wp-json\/wp\/v2\/media\/13161"}],"wp:attachment":[{"href":"https:\/\/dgospel.com.br\/portal\/index.php\/wp-json\/wp\/v2\/media?parent=13160"}],"wp:term":[{"taxonomy":"category","embeddable":true,"href":"https:\/\/dgospel.com.br\/portal\/index.php\/wp-json\/wp\/v2\/categories?post=13160"},{"taxonomy":"post_tag","embeddable":true,"href":"https:\/\/dgospel.com.br\/portal\/index.php\/wp-json\/wp\/v2\/tags?post=13160"}],"curies":[{"name":"wp","href":"https:\/\/api.w.org\/{rel}","templated":true}]}}