{"id":13164,"date":"2022-10-29T08:05:25","date_gmt":"2022-10-29T11:05:25","guid":{"rendered":"http:\/\/dgospel.com.br\/portal\/?p=13164"},"modified":"2022-10-29T08:05:26","modified_gmt":"2022-10-29T11:05:26","slug":"verita-bolsonaro-tem-515-dos-votos-validos-e-lula-485","status":"publish","type":"post","link":"https:\/\/dgospel.com.br\/portal\/index.php\/2022\/10\/29\/verita-bolsonaro-tem-515-dos-votos-validos-e-lula-485\/","title":{"rendered":"Verit\u00e1: Bolsonaro tem 51,5% dos votos v\u00e1lidos, e Lula, 48,5%"},"content":{"rendered":"\n<p>A pesquisa publicada pelo Instituto Verit\u00e1, nesta sexta-feira (28), apontou o presidente da Rep\u00fablica e candidato \u00e0 reelei\u00e7\u00e3o, Jair Bolsonaro (PL), com 51,5% dos votos v\u00e1lidos. J\u00e1 Lula (PT) aparece com 48,5% das inten\u00e7\u00f5es de voto. As informa\u00e7\u00f5es s\u00e3o do R7.<\/p>\n\n\n\n<p>No levantamento, foram entrevistados 30.180 eleitores, entre ter\u00e7a-feira (25) e quinta-feira (27). A margem de erro \u00e9 de 2 pontos percentuais, para mais ou para menos.<\/p>\n\n\n\n<p>A pesquisa, feita pr iniciativa do pr\u00f3prio instituto, foi registrada no Tribunal Superior Eleitoral (TSE) sob o n\u00famero BR-04920\/2022.<\/p>\n\n\n\n<p>No cen\u00e1rio que leva em conta os votos n\u00e3o v\u00e1lidos, Bolsonaro tamb\u00e9m aparece \u00e0 frente, com 49%, e Lula tem 46,1%.<\/p>\n","protected":false},"excerpt":{"rendered":"<p>A pesquisa publicada pelo Instituto Verit\u00e1, nesta sexta-feira (28), apontou o presidente da Rep\u00fablica e candidato \u00e0 reelei\u00e7\u00e3o, Jair Bolsonaro (PL), com 51,5% dos votos v\u00e1lidos. J\u00e1 Lula (PT) aparece com 48,5% das inten\u00e7\u00f5es de voto. As informa\u00e7\u00f5es s\u00e3o do R7. No levantamento, foram entrevistados 30.180 eleitores, entre ter\u00e7a-feira (25) e quinta-feira (27). A margem [&hellip;]<\/p>\n","protected":false},"author":2,"featured_media":13165,"comment_status":"open","ping_status":"open","sticky":false,"template":"","format":"standard","meta":[],"categories":[4],"tags":[],"_links":{"self":[{"href":"https:\/\/dgospel.com.br\/portal\/index.php\/wp-json\/wp\/v2\/posts\/13164"}],"collection":[{"href":"https:\/\/dgospel.com.br\/portal\/index.php\/wp-json\/wp\/v2\/posts"}],"about":[{"href":"https:\/\/dgospel.com.br\/portal\/index.php\/wp-json\/wp\/v2\/types\/post"}],"author":[{"embeddable":true,"href":"https:\/\/dgospel.com.br\/portal\/index.php\/wp-json\/wp\/v2\/users\/2"}],"replies":[{"embeddable":true,"href":"https:\/\/dgospel.com.br\/portal\/index.php\/wp-json\/wp\/v2\/comments?post=13164"}],"version-history":[{"count":1,"href":"https:\/\/dgospel.com.br\/portal\/index.php\/wp-json\/wp\/v2\/posts\/13164\/revisions"}],"predecessor-version":[{"id":13166,"href":"https:\/\/dgospel.com.br\/portal\/index.php\/wp-json\/wp\/v2\/posts\/13164\/revisions\/13166"}],"wp:featuredmedia":[{"embeddable":true,"href":"https:\/\/dgospel.com.br\/portal\/index.php\/wp-json\/wp\/v2\/media\/13165"}],"wp:attachment":[{"href":"https:\/\/dgospel.com.br\/portal\/index.php\/wp-json\/wp\/v2\/media?parent=13164"}],"wp:term":[{"taxonomy":"category","embeddable":true,"href":"https:\/\/dgospel.com.br\/portal\/index.php\/wp-json\/wp\/v2\/categories?post=13164"},{"taxonomy":"post_tag","embeddable":true,"href":"https:\/\/dgospel.com.br\/portal\/index.php\/wp-json\/wp\/v2\/tags?post=13164"}],"curies":[{"name":"wp","href":"https:\/\/api.w.org\/{rel}","templated":true}]}}