{"id":13167,"date":"2022-10-29T08:07:49","date_gmt":"2022-10-29T11:07:49","guid":{"rendered":"http:\/\/dgospel.com.br\/portal\/?p=13167"},"modified":"2022-10-29T08:07:50","modified_gmt":"2022-10-29T11:07:50","slug":"bolsonaro-se-for-da-vontade-de-deus-estou-pronto-pra-reeleicao","status":"publish","type":"post","link":"https:\/\/dgospel.com.br\/portal\/index.php\/2022\/10\/29\/bolsonaro-se-for-da-vontade-de-deus-estou-pronto-pra-reeleicao\/","title":{"rendered":"Bolsonaro: \u201cSe for da vontade de Deus, estou pronto pra reelei\u00e7\u00e3o\u201d"},"content":{"rendered":"\n<p>Ao fazer suas considera\u00e7\u00f5es finais, o presidente Jair Bolsonaro (PL) agradeceu a Deus por sua vida, se referindo ao atentado que sofreu em 2018 quando foi esfaqueado por Ad\u00e9lio Bispo na cidade de Juiz de Fora, em Minas Gerais.<\/p>\n\n\n\n<p>Em seguida, o candidato \u00e0 reelei\u00e7\u00e3o se mostrou temente a Deus a falar sobre se manter no cargo.<\/p>\n\n\n\n<p>\u2013Se esta for a Sua vontade, estarei pronto para ser novamente o presidente da Rep\u00fablica \u2013 declarou.<\/p>\n\n\n\n<p>Para finalizar, ele declarou o bord\u00e3o \u201cBrasil acima de tudo e Deus acima de todos\u201d.<\/p>\n","protected":false},"excerpt":{"rendered":"<p>Ao fazer suas considera\u00e7\u00f5es finais, o presidente Jair Bolsonaro (PL) agradeceu a Deus por sua vida, se referindo ao atentado que sofreu em 2018 quando foi esfaqueado por Ad\u00e9lio Bispo na cidade de Juiz de Fora, em Minas Gerais. Em seguida, o candidato \u00e0 reelei\u00e7\u00e3o se mostrou temente a Deus a falar sobre se manter [&hellip;]<\/p>\n","protected":false},"author":2,"featured_media":13168,"comment_status":"open","ping_status":"open","sticky":false,"template":"","format":"standard","meta":[],"categories":[4],"tags":[],"_links":{"self":[{"href":"https:\/\/dgospel.com.br\/portal\/index.php\/wp-json\/wp\/v2\/posts\/13167"}],"collection":[{"href":"https:\/\/dgospel.com.br\/portal\/index.php\/wp-json\/wp\/v2\/posts"}],"about":[{"href":"https:\/\/dgospel.com.br\/portal\/index.php\/wp-json\/wp\/v2\/types\/post"}],"author":[{"embeddable":true,"href":"https:\/\/dgospel.com.br\/portal\/index.php\/wp-json\/wp\/v2\/users\/2"}],"replies":[{"embeddable":true,"href":"https:\/\/dgospel.com.br\/portal\/index.php\/wp-json\/wp\/v2\/comments?post=13167"}],"version-history":[{"count":1,"href":"https:\/\/dgospel.com.br\/portal\/index.php\/wp-json\/wp\/v2\/posts\/13167\/revisions"}],"predecessor-version":[{"id":13169,"href":"https:\/\/dgospel.com.br\/portal\/index.php\/wp-json\/wp\/v2\/posts\/13167\/revisions\/13169"}],"wp:featuredmedia":[{"embeddable":true,"href":"https:\/\/dgospel.com.br\/portal\/index.php\/wp-json\/wp\/v2\/media\/13168"}],"wp:attachment":[{"href":"https:\/\/dgospel.com.br\/portal\/index.php\/wp-json\/wp\/v2\/media?parent=13167"}],"wp:term":[{"taxonomy":"category","embeddable":true,"href":"https:\/\/dgospel.com.br\/portal\/index.php\/wp-json\/wp\/v2\/categories?post=13167"},{"taxonomy":"post_tag","embeddable":true,"href":"https:\/\/dgospel.com.br\/portal\/index.php\/wp-json\/wp\/v2\/tags?post=13167"}],"curies":[{"name":"wp","href":"https:\/\/api.w.org\/{rel}","templated":true}]}}