{"id":13170,"date":"2022-10-29T08:09:52","date_gmt":"2022-10-29T11:09:52","guid":{"rendered":"http:\/\/dgospel.com.br\/portal\/?p=13170"},"modified":"2022-10-29T08:09:53","modified_gmt":"2022-10-29T11:09:53","slug":"lula-mente-ao-dizer-que-meis-sao-contados-como-empregos","status":"publish","type":"post","link":"https:\/\/dgospel.com.br\/portal\/index.php\/2022\/10\/29\/lula-mente-ao-dizer-que-meis-sao-contados-como-empregos\/","title":{"rendered":"Lula mente ao dizer que MEIs s\u00e3o contados como empregos"},"content":{"rendered":"\n<p>Durante o debate realizado na noite desta sexta-feira (28) na Rede Globo, o ex-presidente Luiz In\u00e1cio Lula da Silva (PT) disse que o governo de Jair Bolsonaro (PL) conta os microempreendedores individuais (MEIs) como empregos formais<\/p>\n\n\n\n<p>A informa\u00e7\u00e3o n\u00e3o procede. Os dados do Novo Cadastro Geral de Empregados e Desempregados (Caged) contabilizam apenas empregos com carteira assinada.<\/p>\n\n\n\n<p>E, segundo esses dados, somente em 2022 foram gerados mais de 2,1 milh\u00f5es de novos empregos. Com isso, o pa\u00eds passou a ter 43 milh\u00f5es de trabalhadores com carteira assinada.<\/p>\n\n\n\n<p>Pelo terceiro trimestre seguido, o desemprego no Brasil recuou, estando em 8,7%. Sendo assim, a popula\u00e7\u00e3o desocupada chegou ao menor n\u00edvel desde o trimestre terminado em dezembro de 2015.<\/p>\n\n\n\n<p>Outro dado falso apontado pelo petista \u00e9 que h\u00e1 aumento na informalidade. Na verdade, a taxa de informalidade caiu, segundo os dados da Pesquisa Nacional por Amostra de Domic\u00edlios (PNAD) divulgada nesta quinta-feira (27).<\/p>\n","protected":false},"excerpt":{"rendered":"<p>Durante o debate realizado na noite desta sexta-feira (28) na Rede Globo, o ex-presidente Luiz In\u00e1cio Lula da Silva (PT) disse que o governo de Jair Bolsonaro (PL) conta os microempreendedores individuais (MEIs) como empregos formais A informa\u00e7\u00e3o n\u00e3o procede. Os dados do Novo Cadastro Geral de Empregados e Desempregados (Caged) contabilizam apenas empregos com [&hellip;]<\/p>\n","protected":false},"author":2,"featured_media":13171,"comment_status":"open","ping_status":"open","sticky":false,"template":"","format":"standard","meta":[],"categories":[4],"tags":[],"_links":{"self":[{"href":"https:\/\/dgospel.com.br\/portal\/index.php\/wp-json\/wp\/v2\/posts\/13170"}],"collection":[{"href":"https:\/\/dgospel.com.br\/portal\/index.php\/wp-json\/wp\/v2\/posts"}],"about":[{"href":"https:\/\/dgospel.com.br\/portal\/index.php\/wp-json\/wp\/v2\/types\/post"}],"author":[{"embeddable":true,"href":"https:\/\/dgospel.com.br\/portal\/index.php\/wp-json\/wp\/v2\/users\/2"}],"replies":[{"embeddable":true,"href":"https:\/\/dgospel.com.br\/portal\/index.php\/wp-json\/wp\/v2\/comments?post=13170"}],"version-history":[{"count":1,"href":"https:\/\/dgospel.com.br\/portal\/index.php\/wp-json\/wp\/v2\/posts\/13170\/revisions"}],"predecessor-version":[{"id":13172,"href":"https:\/\/dgospel.com.br\/portal\/index.php\/wp-json\/wp\/v2\/posts\/13170\/revisions\/13172"}],"wp:featuredmedia":[{"embeddable":true,"href":"https:\/\/dgospel.com.br\/portal\/index.php\/wp-json\/wp\/v2\/media\/13171"}],"wp:attachment":[{"href":"https:\/\/dgospel.com.br\/portal\/index.php\/wp-json\/wp\/v2\/media?parent=13170"}],"wp:term":[{"taxonomy":"category","embeddable":true,"href":"https:\/\/dgospel.com.br\/portal\/index.php\/wp-json\/wp\/v2\/categories?post=13170"},{"taxonomy":"post_tag","embeddable":true,"href":"https:\/\/dgospel.com.br\/portal\/index.php\/wp-json\/wp\/v2\/tags?post=13170"}],"curies":[{"name":"wp","href":"https:\/\/api.w.org\/{rel}","templated":true}]}}