{"id":13173,"date":"2022-10-29T08:11:48","date_gmt":"2022-10-29T11:11:48","guid":{"rendered":"http:\/\/dgospel.com.br\/portal\/?p=13173"},"modified":"2022-10-29T08:11:49","modified_gmt":"2022-10-29T11:11:49","slug":"lula-acusa-bolsonaro-de-regras-feitas-por-dilma-sobre-pensao","status":"publish","type":"post","link":"https:\/\/dgospel.com.br\/portal\/index.php\/2022\/10\/29\/lula-acusa-bolsonaro-de-regras-feitas-por-dilma-sobre-pensao\/","title":{"rendered":"Lula acusa Bolsonaro de regras feitas por Dilma sobre pens\u00e3o"},"content":{"rendered":"\n<p>Durante o debate da Rede Globo na noite desta sexta-feira (28), o ex-presidente Luiz In\u00e1cio Lula da Silva (PT) acusou o presidente Jair Bolsonaro de reduzir o valor oferecido para pensionistas.<\/p>\n\n\n\n<p>A mudan\u00e7a, por\u00e9m, foi assinada pela ex-presidente Dilma Rousseff (PT), em 2015. Antes da mudan\u00e7a, os pensionistas recebiam o valor integral, desde ent\u00e3o o valor pago para pens\u00e3o por morte passou a ser de 60% para o c\u00f4njuge e mais 10% por dependente, at\u00e9 o limite de 100%.<\/p>\n\n\n\n<p>A altera\u00e7\u00e3o foi feita por meio da Medida Provis\u00f3ria 664, transformada depois na lei 13.135. O texto n\u00e3o fala s\u00f3 sobre essa quest\u00e3o, mas tamb\u00e9m sobre publicar regras que dificultam o acesso ao seguro-desemprego.<\/p>\n","protected":false},"excerpt":{"rendered":"<p>Durante o debate da Rede Globo na noite desta sexta-feira (28), o ex-presidente Luiz In\u00e1cio Lula da Silva (PT) acusou o presidente Jair Bolsonaro de reduzir o valor oferecido para pensionistas. A mudan\u00e7a, por\u00e9m, foi assinada pela ex-presidente Dilma Rousseff (PT), em 2015. Antes da mudan\u00e7a, os pensionistas recebiam o valor integral, desde ent\u00e3o o [&hellip;]<\/p>\n","protected":false},"author":2,"featured_media":13174,"comment_status":"open","ping_status":"open","sticky":false,"template":"","format":"standard","meta":[],"categories":[10],"tags":[],"_links":{"self":[{"href":"https:\/\/dgospel.com.br\/portal\/index.php\/wp-json\/wp\/v2\/posts\/13173"}],"collection":[{"href":"https:\/\/dgospel.com.br\/portal\/index.php\/wp-json\/wp\/v2\/posts"}],"about":[{"href":"https:\/\/dgospel.com.br\/portal\/index.php\/wp-json\/wp\/v2\/types\/post"}],"author":[{"embeddable":true,"href":"https:\/\/dgospel.com.br\/portal\/index.php\/wp-json\/wp\/v2\/users\/2"}],"replies":[{"embeddable":true,"href":"https:\/\/dgospel.com.br\/portal\/index.php\/wp-json\/wp\/v2\/comments?post=13173"}],"version-history":[{"count":1,"href":"https:\/\/dgospel.com.br\/portal\/index.php\/wp-json\/wp\/v2\/posts\/13173\/revisions"}],"predecessor-version":[{"id":13175,"href":"https:\/\/dgospel.com.br\/portal\/index.php\/wp-json\/wp\/v2\/posts\/13173\/revisions\/13175"}],"wp:featuredmedia":[{"embeddable":true,"href":"https:\/\/dgospel.com.br\/portal\/index.php\/wp-json\/wp\/v2\/media\/13174"}],"wp:attachment":[{"href":"https:\/\/dgospel.com.br\/portal\/index.php\/wp-json\/wp\/v2\/media?parent=13173"}],"wp:term":[{"taxonomy":"category","embeddable":true,"href":"https:\/\/dgospel.com.br\/portal\/index.php\/wp-json\/wp\/v2\/categories?post=13173"},{"taxonomy":"post_tag","embeddable":true,"href":"https:\/\/dgospel.com.br\/portal\/index.php\/wp-json\/wp\/v2\/tags?post=13173"}],"curies":[{"name":"wp","href":"https:\/\/api.w.org\/{rel}","templated":true}]}}