{"id":13176,"date":"2022-10-29T08:14:23","date_gmt":"2022-10-29T11:14:23","guid":{"rendered":"http:\/\/dgospel.com.br\/portal\/?p=13176"},"modified":"2022-10-29T08:14:24","modified_gmt":"2022-10-29T11:14:24","slug":"salario-minimo-em-2023-sera-de-r-1-400-diz-presidente-bolsonaro","status":"publish","type":"post","link":"https:\/\/dgospel.com.br\/portal\/index.php\/2022\/10\/29\/salario-minimo-em-2023-sera-de-r-1-400-diz-presidente-bolsonaro\/","title":{"rendered":"Sal\u00e1rio m\u00ednimo em 2023 ser\u00e1 de R$ 1.400, diz presidente Bolsonaro"},"content":{"rendered":"\n<p>O presidente Jair Bolsonaro (PL), candidato \u00e0 reelei\u00e7\u00e3o, disse nesta sexta-feira (28) que o sal\u00e1rio m\u00ednimo a partir de 2023 ser\u00e1 de R$ 1.400.<\/p>\n\n\n\n<p>&#8220;Mesmo com pandemia, falta d&#8217;\u00e1gua e outras crises, concedemos reajuste a aposentados e majoramos o sal\u00e1rio m\u00ednimo. Tanto \u00e9 verdade que acertamos economia e posso anunciar o novo sal\u00e1rio m\u00ednimo ser\u00e1 de R$ 1.400&#8221;, afirmou<\/p>\n\n\n\n<p>A afirma\u00e7\u00e3o foi feita durante um debate, \u00faltimo confronto entre os presidenci\u00e1veis antes do segundo turno, que ocorrer\u00e1 neste domingo (30).<\/p>\n","protected":false},"excerpt":{"rendered":"<p>O presidente Jair Bolsonaro (PL), candidato \u00e0 reelei\u00e7\u00e3o, disse nesta sexta-feira (28) que o sal\u00e1rio m\u00ednimo a partir de 2023 ser\u00e1 de R$ 1.400. &#8220;Mesmo com pandemia, falta d&#8217;\u00e1gua e outras crises, concedemos reajuste a aposentados e majoramos o sal\u00e1rio m\u00ednimo. Tanto \u00e9 verdade que acertamos economia e posso anunciar o novo sal\u00e1rio m\u00ednimo ser\u00e1 [&hellip;]<\/p>\n","protected":false},"author":2,"featured_media":13177,"comment_status":"open","ping_status":"open","sticky":false,"template":"","format":"standard","meta":[],"categories":[4],"tags":[13],"_links":{"self":[{"href":"https:\/\/dgospel.com.br\/portal\/index.php\/wp-json\/wp\/v2\/posts\/13176"}],"collection":[{"href":"https:\/\/dgospel.com.br\/portal\/index.php\/wp-json\/wp\/v2\/posts"}],"about":[{"href":"https:\/\/dgospel.com.br\/portal\/index.php\/wp-json\/wp\/v2\/types\/post"}],"author":[{"embeddable":true,"href":"https:\/\/dgospel.com.br\/portal\/index.php\/wp-json\/wp\/v2\/users\/2"}],"replies":[{"embeddable":true,"href":"https:\/\/dgospel.com.br\/portal\/index.php\/wp-json\/wp\/v2\/comments?post=13176"}],"version-history":[{"count":1,"href":"https:\/\/dgospel.com.br\/portal\/index.php\/wp-json\/wp\/v2\/posts\/13176\/revisions"}],"predecessor-version":[{"id":13178,"href":"https:\/\/dgospel.com.br\/portal\/index.php\/wp-json\/wp\/v2\/posts\/13176\/revisions\/13178"}],"wp:featuredmedia":[{"embeddable":true,"href":"https:\/\/dgospel.com.br\/portal\/index.php\/wp-json\/wp\/v2\/media\/13177"}],"wp:attachment":[{"href":"https:\/\/dgospel.com.br\/portal\/index.php\/wp-json\/wp\/v2\/media?parent=13176"}],"wp:term":[{"taxonomy":"category","embeddable":true,"href":"https:\/\/dgospel.com.br\/portal\/index.php\/wp-json\/wp\/v2\/categories?post=13176"},{"taxonomy":"post_tag","embeddable":true,"href":"https:\/\/dgospel.com.br\/portal\/index.php\/wp-json\/wp\/v2\/tags?post=13176"}],"curies":[{"name":"wp","href":"https:\/\/api.w.org\/{rel}","templated":true}]}}