{"id":13180,"date":"2022-10-29T08:21:02","date_gmt":"2022-10-29T11:21:02","guid":{"rendered":"http:\/\/dgospel.com.br\/portal\/?p=13180"},"modified":"2022-10-29T08:21:02","modified_gmt":"2022-10-29T11:21:02","slug":"jair-bolsonaro-declara-o-agro-nao-e-fascista-nao-lula","status":"publish","type":"post","link":"https:\/\/dgospel.com.br\/portal\/index.php\/2022\/10\/29\/jair-bolsonaro-declara-o-agro-nao-e-fascista-nao-lula\/","title":{"rendered":"Jair Bolsonaro declara: \u201cO agro n\u00e3o \u00e9 fascista n\u00e3o, Lula\u201d"},"content":{"rendered":"\n<p>Durante debate na Globo, nesta sexta-feira (28), o presidente Jair Bolsonaro (PL) falou sobre a quest\u00e3o ambiental no pa\u00eds. Ele afirmou que o Brasil \u00e9 um exemplo para o mundo e disse que ir\u00e1 investir em energia e\u00f3lica no Nordeste. As informa\u00e7\u00f5es s\u00e3o do site O Antagonista.<\/p>\n\n\n\n<p>\u2013 J\u00e1 come\u00e7ou a constru\u00e7\u00e3o. Vamos construir na costa do Nordeste. O que equivalente de gera\u00e7\u00e3o de energia de 50 vezes Itaipu.<\/p>\n\n\n\n<p>O chefe do Executivo tamb\u00e9m provocou Lula (PT) ao dizer que \u201co agro n\u00e3o \u00e9 fascista\u201d.<\/p>\n\n\n\n<p>\u2013 O Brasil \u00e9 uma pot\u00eancia no agroneg\u00f3cio. O agro n\u00e3o \u00e9 fascista n\u00e3o, \u00f4 Lula.<\/p>\n","protected":false},"excerpt":{"rendered":"<p>Durante debate na Globo, nesta sexta-feira (28), o presidente Jair Bolsonaro (PL) falou sobre a quest\u00e3o ambiental no pa\u00eds. Ele afirmou que o Brasil \u00e9 um exemplo para o mundo e disse que ir\u00e1 investir em energia e\u00f3lica no Nordeste. As informa\u00e7\u00f5es s\u00e3o do site O Antagonista. \u2013 J\u00e1 come\u00e7ou a constru\u00e7\u00e3o. Vamos construir na [&hellip;]<\/p>\n","protected":false},"author":2,"featured_media":13181,"comment_status":"open","ping_status":"open","sticky":false,"template":"","format":"standard","meta":[],"categories":[10],"tags":[],"_links":{"self":[{"href":"https:\/\/dgospel.com.br\/portal\/index.php\/wp-json\/wp\/v2\/posts\/13180"}],"collection":[{"href":"https:\/\/dgospel.com.br\/portal\/index.php\/wp-json\/wp\/v2\/posts"}],"about":[{"href":"https:\/\/dgospel.com.br\/portal\/index.php\/wp-json\/wp\/v2\/types\/post"}],"author":[{"embeddable":true,"href":"https:\/\/dgospel.com.br\/portal\/index.php\/wp-json\/wp\/v2\/users\/2"}],"replies":[{"embeddable":true,"href":"https:\/\/dgospel.com.br\/portal\/index.php\/wp-json\/wp\/v2\/comments?post=13180"}],"version-history":[{"count":1,"href":"https:\/\/dgospel.com.br\/portal\/index.php\/wp-json\/wp\/v2\/posts\/13180\/revisions"}],"predecessor-version":[{"id":13182,"href":"https:\/\/dgospel.com.br\/portal\/index.php\/wp-json\/wp\/v2\/posts\/13180\/revisions\/13182"}],"wp:featuredmedia":[{"embeddable":true,"href":"https:\/\/dgospel.com.br\/portal\/index.php\/wp-json\/wp\/v2\/media\/13181"}],"wp:attachment":[{"href":"https:\/\/dgospel.com.br\/portal\/index.php\/wp-json\/wp\/v2\/media?parent=13180"}],"wp:term":[{"taxonomy":"category","embeddable":true,"href":"https:\/\/dgospel.com.br\/portal\/index.php\/wp-json\/wp\/v2\/categories?post=13180"},{"taxonomy":"post_tag","embeddable":true,"href":"https:\/\/dgospel.com.br\/portal\/index.php\/wp-json\/wp\/v2\/tags?post=13180"}],"curies":[{"name":"wp","href":"https:\/\/api.w.org\/{rel}","templated":true}]}}